{"id":84590,"date":"2019-05-19T12:33:10","date_gmt":"2019-05-19T10:33:10","guid":{"rendered":"https:\/\/zjarr.tv\/?p=84590"},"modified":"2019-05-19T12:33:10","modified_gmt":"2019-05-19T10:33:10","slug":"balluku-nuk-mban-premtimin-rruga-tirane-elbasan-nuk-u-hap-ne-17-maj","status":"publish","type":"post","link":"https:\/\/zjarr.tv\/sq\/balluku-nuk-mban-premtimin-rruga-tirane-elbasan-nuk-u-hap-ne-17-maj\/","title":{"rendered":"Balluku nuk mban premtimin: Rruga Tiran\u00eb-Elbasan nuk u hap n\u00eb 17 maj"},"content":{"rendered":"<p><em>&#8220;Deri n\u00eb 17 maj ne deklarojm\u00eb me p\u00ebrgjegj\u00ebsi q\u00eb e gjith\u00eb rruga do t\u00eb jet\u00eb e p\u00ebrfunduar dhe do t\u00eb dor\u00ebzohet sipas kushteve teknike q\u00eb parashikohen&#8221;,<\/em>\u00a0ka th\u00ebn\u00eb Belinda Balluku.<\/p>\n<p>Ky \u00ebsht\u00eb nj\u00eb nga premtimet dhe garancit\u00eb q\u00eb dha ministrja Belinda Balluku pas marrjes s\u00eb detyr\u00ebs. Por ashtu si dhe shum\u00eb raste t\u00eb tjera edhe k\u00ebt\u00eb her\u00eb gjith\u00e7ka duket se kan\u00eb mbetur fjal\u00eb.<\/p>\n<p>I vetmi ndryshim ka qen\u00eb hapja e nj\u00eb segmenti dit\u00ebn e ver\u00ebs, kur dhe u inspektuan punimet e m\u00eb pas rrug\u00ebn Tiran\u00eb -Elbasan e mbyti heshtja.<\/p>\n<p>Situata mbetet edhe m\u00eb skeptike duke pasur parasysh faktin se ministrja e re ka kufizuar ndjesh\u00ebm fondet p\u00ebr investimet n\u00eb projektet rrugore.<\/p>\n<p>N\u00eb fakt premtimi i b\u00ebr\u00eb n\u00eb ERTV prej Ballukut ishte p\u00ebr hapjen e plot\u00eb t\u00eb rrug\u00ebs n\u00eb 17 maj, dy vite pas marr\u00ebveshjes Rama-Basha.<\/p>\n<p>Por me sa duket Ministrja e re e Infrastruktur\u00ebs nuk arriti q\u00eb t\u00eb mbante fjal\u00ebn e dh\u00ebn\u00eb.<\/p>\n<p>K\u00ebt\u00eb e v\u00ebrteton edhe kjo deklarat\u00eb e saj postuar m\u00eb 28 prill, ku ministrja Balluku njofton se ka shtyr\u00eb p\u00ebr n\u00eb fundin e majit p\u00ebrfundimin e punimeve n\u00eb k\u00ebt\u00eb aks.<\/p>\n<p><strong>Balluku:\u00a0<\/strong><em>Ka p\u00ebrfunduar tuneli panoramik n\u00eb kilometrin e 17-\u00eb t\u00eb rrrug\u00ebs Tiran\u00eb-Elbasan duke i hapur rrug\u00eb p\u00ebrfundimit sipas afatit t\u00eb gjith\u00eb k\u00ebtij aksi n\u00eb fund t\u00eb muajit maj.<\/em><\/p>\n<p>Ajo ka reklamuar p\u00ebrfundimin e punimeve n\u00eb tunelin panoramik, t\u00eb cil\u00ebn e quan vepr\u00ebn e fundit t\u00eb artit n\u00eb aksin rrugor Tiran\u00eb-Elbasan.<\/p>\n<p>Vet\u00ebm tuneli panoramik i ka kushtuar buxhetit t\u00eb shtetit 458 milion\u00eb lek\u00eb.<\/p>\n<p>&nbsp;<\/p>\n","protected":false},"excerpt":{"rendered":"<p>&#8220;Deri n\u00eb 17 maj ne deklarojm\u00eb me p\u00ebrgjegj\u00ebsi q\u00eb e gjith\u00eb rruga do t\u00eb jet\u00eb e p\u00ebrfunduar dhe do t\u00eb dor\u00ebzohet sipas kushteve teknike q\u00eb parashikohen&#8221;,\u00a0ka th\u00ebn\u00eb Belinda Balluku. Ky \u00ebsht\u00eb nj\u00eb nga premtimet dhe garancit\u00eb q\u00eb dha ministrja Belinda Balluku pas marrjes s\u00eb detyr\u00ebs. Por ashtu si dhe shum\u00eb raste t\u00eb tjera edhe k\u00ebt\u00eb [&hellip;]<\/p>\n","protected":false},"author":2013,"featured_media":67272,"comment_status":"open","ping_status":"closed","sticky":false,"template":"","format":"standard","meta":{"footnotes":""},"categories":[241,235],"tags":[],"class_list":{"0":"post-84590","1":"post","2":"type-post","3":"status-publish","4":"format-standard","5":"has-post-thumbnail","7":"category-aktualitet","8":"category-vendi"},"_links":{"self":[{"href":"https:\/\/zjarr.tv\/sq\/wp-json\/wp\/v2\/posts\/84590","targetHints":{"allow":["GET"]}}],"collection":[{"href":"https:\/\/zjarr.tv\/sq\/wp-json\/wp\/v2\/posts"}],"about":[{"href":"https:\/\/zjarr.tv\/sq\/wp-json\/wp\/v2\/types\/post"}],"author":[{"embeddable":true,"href":"https:\/\/zjarr.tv\/sq\/wp-json\/wp\/v2\/users\/2013"}],"replies":[{"embeddable":true,"href":"https:\/\/zjarr.tv\/sq\/wp-json\/wp\/v2\/comments?post=84590"}],"version-history":[{"count":0,"href":"https:\/\/zjarr.tv\/sq\/wp-json\/wp\/v2\/posts\/84590\/revisions"}],"wp:featuredmedia":[{"embeddable":true,"href":"https:\/\/zjarr.tv\/sq\/wp-json\/wp\/v2\/media\/67272"}],"wp:attachment":[{"href":"https:\/\/zjarr.tv\/sq\/wp-json\/wp\/v2\/media?parent=84590"}],"wp:term":[{"taxonomy":"category","embeddable":true,"href":"https:\/\/zjarr.tv\/sq\/wp-json\/wp\/v2\/categories?post=84590"},{"taxonomy":"post_tag","embeddable":true,"href":"https:\/\/zjarr.tv\/sq\/wp-json\/wp\/v2\/tags?post=84590"}],"curies":[{"name":"wp","href":"https:\/\/api.w.org\/{rel}","templated":true}]}}