{"id":84597,"date":"2019-05-19T12:34:27","date_gmt":"2019-05-19T10:34:27","guid":{"rendered":"https:\/\/zjarr.tv\/?p=84597"},"modified":"2019-05-19T12:34:27","modified_gmt":"2019-05-19T10:34:27","slug":"vlore-femija-2-vjec-rrezohet-aksidentalisht-nga-kati-i-dyte-i-baneses","status":"publish","type":"post","link":"https:\/\/zjarr.tv\/sq\/vlore-femija-2-vjec-rrezohet-aksidentalisht-nga-kati-i-dyte-i-baneses\/","title":{"rendered":"Vlor\u00eb, f\u00ebmija 2 vje\u00e7 rr\u00ebzohet aksidentalisht nga kati i dyt\u00eb i banes\u00ebs"},"content":{"rendered":"<p>Nj\u00eb f\u00ebmij\u00eb vet\u00ebm 2 vje\u00e7 ka r\u00ebn\u00eb aksidentalisht \u00a0nga kati i dyt\u00eb i banes\u00ebs ku jetonte duke u plagosur r\u00ebnd\u00eb. Ngjarja ka ndodhur n\u00eb lagjen &#8220;Kushtrimi&#8221; t\u00eb Vlor\u00ebs.<\/p>\n<p>Vog\u00eblushi \u00a0me inicialet \u00a0S.B \u00ebsht\u00eb d\u00ebrguar rreth or\u00ebs 09:00, n\u00eb Spitalin e Vlor\u00ebs me d\u00ebmtime t\u00eb shumta dhe ndodhet n\u00eb gjendje t\u00eb r\u00ebnd\u00eb.<\/p>\n<p>Sipas deklarimeve t\u00eb familjar\u00ebve, f\u00ebmija i mitur ka r\u00ebn\u00eb nga kati i 2-t\u00eb i banes\u00ebs s\u00eb tij.<\/p>\n<p>Vazhdojn\u00eb veprimet e m\u00ebtejshme pro\u00e7eduriale.<\/p>\n<p>&nbsp;<\/p>\n","protected":false},"excerpt":{"rendered":"<p>Nj\u00eb f\u00ebmij\u00eb vet\u00ebm 2 vje\u00e7 ka r\u00ebn\u00eb aksidentalisht \u00a0nga kati i dyt\u00eb i banes\u00ebs ku jetonte duke u plagosur r\u00ebnd\u00eb. Ngjarja ka ndodhur n\u00eb lagjen &#8220;Kushtrimi&#8221; t\u00eb Vlor\u00ebs. Vog\u00eblushi \u00a0me inicialet \u00a0S.B \u00ebsht\u00eb d\u00ebrguar rreth or\u00ebs 09:00, n\u00eb Spitalin e Vlor\u00ebs me d\u00ebmtime t\u00eb shumta dhe ndodhet n\u00eb gjendje t\u00eb r\u00ebnd\u00eb. Sipas deklarimeve t\u00eb familjar\u00ebve, [&hellip;]<\/p>\n","protected":false},"author":2013,"featured_media":84598,"comment_status":"open","ping_status":"closed","sticky":false,"template":"","format":"standard","meta":{"footnotes":""},"categories":[241,235],"tags":[],"class_list":{"0":"post-84597","1":"post","2":"type-post","3":"status-publish","4":"format-standard","5":"has-post-thumbnail","7":"category-aktualitet","8":"category-vendi"},"_links":{"self":[{"href":"https:\/\/zjarr.tv\/sq\/wp-json\/wp\/v2\/posts\/84597","targetHints":{"allow":["GET"]}}],"collection":[{"href":"https:\/\/zjarr.tv\/sq\/wp-json\/wp\/v2\/posts"}],"about":[{"href":"https:\/\/zjarr.tv\/sq\/wp-json\/wp\/v2\/types\/post"}],"author":[{"embeddable":true,"href":"https:\/\/zjarr.tv\/sq\/wp-json\/wp\/v2\/users\/2013"}],"replies":[{"embeddable":true,"href":"https:\/\/zjarr.tv\/sq\/wp-json\/wp\/v2\/comments?post=84597"}],"version-history":[{"count":0,"href":"https:\/\/zjarr.tv\/sq\/wp-json\/wp\/v2\/posts\/84597\/revisions"}],"wp:featuredmedia":[{"embeddable":true,"href":"https:\/\/zjarr.tv\/sq\/wp-json\/wp\/v2\/media\/84598"}],"wp:attachment":[{"href":"https:\/\/zjarr.tv\/sq\/wp-json\/wp\/v2\/media?parent=84597"}],"wp:term":[{"taxonomy":"category","embeddable":true,"href":"https:\/\/zjarr.tv\/sq\/wp-json\/wp\/v2\/categories?post=84597"},{"taxonomy":"post_tag","embeddable":true,"href":"https:\/\/zjarr.tv\/sq\/wp-json\/wp\/v2\/tags?post=84597"}],"curies":[{"name":"wp","href":"https:\/\/api.w.org\/{rel}","templated":true}]}}