{"id":84619,"date":"2019-05-19T12:50:48","date_gmt":"2019-05-19T10:50:48","guid":{"rendered":"https:\/\/zjarr.tv\/?p=84619"},"modified":"2019-05-19T12:50:48","modified_gmt":"2019-05-19T10:50:48","slug":"braimllari-ne-maliq-rama-ka-vrare-shpresen-e-te-rinjve","status":"publish","type":"post","link":"https:\/\/zjarr.tv\/sq\/braimllari-ne-maliq-rama-ka-vrare-shpresen-e-te-rinjve\/","title":{"rendered":"Braimllari n\u00eb Maliq: Rama ka vrar\u00eb shpres\u00ebn e t\u00eb rinjve"},"content":{"rendered":"<p>Ish-deputeti i LSI-s\u00eb, Endrit Braimllari ka theksuar se vendit i duhen politika konkrete pun\u00ebsim dhe mb\u00ebshtetje t\u00eb drejtp\u00ebrdrejt\u00eb fermer\u00ebve. N\u00eb takim me banor\u00ebt e Maliqit, ish-deputeti theksoi se kryeministri Edi Rama ka larguar t\u00eb rinjt\u00eb duke vrar\u00eb edhe shpres\u00ebn e tyre.<\/p>\n<p>Sipas tij, rruga e vetme \u00ebsht\u00eb largimi nj\u00eb or\u00eb e m\u00eb par\u00eb i Ram\u00ebs nga qeveria. Ai i ftoi banor\u00ebt n\u00eb protest\u00eb e radh\u00ebs komb\u00ebtare me 25 maj n\u00eb Tiran\u00eb.<\/p>\n<p><strong>Postimi i Braimllarit:<\/strong><\/p>\n<p>Ne Zvezde te Maliqit.<\/p>\n<p>\u27a1Mungesa e subvencioneve ne bujqesi, largimi i te rinjve dhe mungesa e vendeve te punes shqetesimet me madhore.<\/p>\n<p>Edi Rama ka larguar te rinjte duke vrare shpresen ne vend. Ka shkaterruar bujqesine dhe nuk ofron asnje politik\u00eb per hapjen e vendeve te reja te punes.<\/p>\n<p>\u270dVendi ka nevoje per politika konkrete punesimi, per subvencion te drejtperdrejte per fermeret dhe per krijimin e shanseve per te rinjte.<\/p>\n<p>Me Edi Ramen vendi po shkon gjithnje e me pas.Te vendosur ne rrugen tone per te larguar nje Kryeminister antikombetar. Behemi te gjithe bashke ne protesten e shqiptareve \ud83c\udde6\ud83c\uddf1me 25 maj.<\/p>\n<p>#Protestojme kunder #varferise, #paligjshmerise dhe #papergjeshmerise se Edi Rames.<\/p>\n","protected":false},"excerpt":{"rendered":"<p>Ish-deputeti i LSI-s\u00eb, Endrit Braimllari ka theksuar se vendit i duhen politika konkrete pun\u00ebsim dhe mb\u00ebshtetje t\u00eb drejtp\u00ebrdrejt\u00eb fermer\u00ebve. N\u00eb takim me banor\u00ebt e Maliqit, ish-deputeti theksoi se kryeministri Edi Rama ka larguar t\u00eb rinjt\u00eb duke vrar\u00eb edhe shpres\u00ebn e tyre. Sipas tij, rruga e vetme \u00ebsht\u00eb largimi nj\u00eb or\u00eb e m\u00eb par\u00eb i Ram\u00ebs [&hellip;]<\/p>\n","protected":false},"author":2013,"featured_media":84620,"comment_status":"open","ping_status":"closed","sticky":false,"template":"","format":"standard","meta":{"footnotes":""},"categories":[241,235],"tags":[],"class_list":{"0":"post-84619","1":"post","2":"type-post","3":"status-publish","4":"format-standard","5":"has-post-thumbnail","7":"category-aktualitet","8":"category-vendi"},"_links":{"self":[{"href":"https:\/\/zjarr.tv\/sq\/wp-json\/wp\/v2\/posts\/84619","targetHints":{"allow":["GET"]}}],"collection":[{"href":"https:\/\/zjarr.tv\/sq\/wp-json\/wp\/v2\/posts"}],"about":[{"href":"https:\/\/zjarr.tv\/sq\/wp-json\/wp\/v2\/types\/post"}],"author":[{"embeddable":true,"href":"https:\/\/zjarr.tv\/sq\/wp-json\/wp\/v2\/users\/2013"}],"replies":[{"embeddable":true,"href":"https:\/\/zjarr.tv\/sq\/wp-json\/wp\/v2\/comments?post=84619"}],"version-history":[{"count":0,"href":"https:\/\/zjarr.tv\/sq\/wp-json\/wp\/v2\/posts\/84619\/revisions"}],"wp:featuredmedia":[{"embeddable":true,"href":"https:\/\/zjarr.tv\/sq\/wp-json\/wp\/v2\/media\/84620"}],"wp:attachment":[{"href":"https:\/\/zjarr.tv\/sq\/wp-json\/wp\/v2\/media?parent=84619"}],"wp:term":[{"taxonomy":"category","embeddable":true,"href":"https:\/\/zjarr.tv\/sq\/wp-json\/wp\/v2\/categories?post=84619"},{"taxonomy":"post_tag","embeddable":true,"href":"https:\/\/zjarr.tv\/sq\/wp-json\/wp\/v2\/tags?post=84619"}],"curies":[{"name":"wp","href":"https:\/\/api.w.org\/{rel}","templated":true}]}}