{"id":84624,"date":"2019-05-19T13:09:40","date_gmt":"2019-05-19T11:09:40","guid":{"rendered":"https:\/\/zjarr.tv\/?p=84624"},"modified":"2019-05-19T13:09:40","modified_gmt":"2019-05-19T11:09:40","slug":"u-kap-dje-ne-tirane-kush-eshte-kosovari-i-shumekerkuar","status":"publish","type":"post","link":"https:\/\/zjarr.tv\/sq\/u-kap-dje-ne-tirane-kush-eshte-kosovari-i-shumekerkuar\/","title":{"rendered":"U kap dje n\u00eb Tiran\u00eb, kush \u00ebsht\u00eb kosovari i shum\u00ebk\u00ebrkuar"},"content":{"rendered":"<p>Policia e Tiran\u00ebs n\u00eb bashk\u00ebpunim me Interpol Tirana dhe me agjencit\u00eb e tjera ligjzbatuese arrestuan dy persona, nj\u00ebri i shpallur n\u00eb k\u00ebrkim nd\u00ebrkomb\u00ebtar p\u00ebr vrasje n\u00eb Gjermani dhe tjetri i d\u00ebnuar m\u00eb par\u00eb\u00a0 p\u00ebr trafik droge n\u00eb Zvic\u00ebr.<\/p>\n<p>Sipas policis\u00eb, shtetasi me origjin\u00eb kosovare Shk\u00eblqim Kastrati 23-vje\u00e7, i k\u00ebrkuar p\u00ebr vrasje u arrestua n\u00eb nj\u00eb palest\u00ebr, nd\u00ebrsa n\u00eb sht\u00ebpin\u00eb e tij ku jetonte me qira u arrestua edhe nj\u00eb 38-vje\u00e7ar, i cili ishte i skeduar nga Policia Zvicerane p\u00ebr shitje t\u00eb drogave t\u00eb forta.<\/p>\n<p>&nbsp;<\/p>\n","protected":false},"excerpt":{"rendered":"<p>Policia e Tiran\u00ebs n\u00eb bashk\u00ebpunim me Interpol Tirana dhe me agjencit\u00eb e tjera ligjzbatuese arrestuan dy persona, nj\u00ebri i shpallur n\u00eb k\u00ebrkim nd\u00ebrkomb\u00ebtar p\u00ebr vrasje n\u00eb Gjermani dhe tjetri i d\u00ebnuar m\u00eb par\u00eb\u00a0 p\u00ebr trafik droge n\u00eb Zvic\u00ebr. Sipas policis\u00eb, shtetasi me origjin\u00eb kosovare Shk\u00eblqim Kastrati 23-vje\u00e7, i k\u00ebrkuar p\u00ebr vrasje u arrestua n\u00eb nj\u00eb [&hellip;]<\/p>\n","protected":false},"author":2013,"featured_media":65977,"comment_status":"open","ping_status":"closed","sticky":false,"template":"","format":"standard","meta":{"footnotes":""},"categories":[241,235],"tags":[],"class_list":{"0":"post-84624","1":"post","2":"type-post","3":"status-publish","4":"format-standard","5":"has-post-thumbnail","7":"category-aktualitet","8":"category-vendi"},"_links":{"self":[{"href":"https:\/\/zjarr.tv\/sq\/wp-json\/wp\/v2\/posts\/84624","targetHints":{"allow":["GET"]}}],"collection":[{"href":"https:\/\/zjarr.tv\/sq\/wp-json\/wp\/v2\/posts"}],"about":[{"href":"https:\/\/zjarr.tv\/sq\/wp-json\/wp\/v2\/types\/post"}],"author":[{"embeddable":true,"href":"https:\/\/zjarr.tv\/sq\/wp-json\/wp\/v2\/users\/2013"}],"replies":[{"embeddable":true,"href":"https:\/\/zjarr.tv\/sq\/wp-json\/wp\/v2\/comments?post=84624"}],"version-history":[{"count":0,"href":"https:\/\/zjarr.tv\/sq\/wp-json\/wp\/v2\/posts\/84624\/revisions"}],"wp:featuredmedia":[{"embeddable":true,"href":"https:\/\/zjarr.tv\/sq\/wp-json\/wp\/v2\/media\/65977"}],"wp:attachment":[{"href":"https:\/\/zjarr.tv\/sq\/wp-json\/wp\/v2\/media?parent=84624"}],"wp:term":[{"taxonomy":"category","embeddable":true,"href":"https:\/\/zjarr.tv\/sq\/wp-json\/wp\/v2\/categories?post=84624"},{"taxonomy":"post_tag","embeddable":true,"href":"https:\/\/zjarr.tv\/sq\/wp-json\/wp\/v2\/tags?post=84624"}],"curies":[{"name":"wp","href":"https:\/\/api.w.org\/{rel}","templated":true}]}}