{"id":84629,"date":"2019-05-19T14:06:36","date_gmt":"2019-05-19T12:06:36","guid":{"rendered":"https:\/\/zjarr.tv\/?p=84629"},"modified":"2019-05-19T14:06:36","modified_gmt":"2019-05-19T12:06:36","slug":"shkoder-pranga-30-vjecarit-te-denuar-me-5-vjet-burg","status":"publish","type":"post","link":"https:\/\/zjarr.tv\/sq\/shkoder-pranga-30-vjecarit-te-denuar-me-5-vjet-burg\/","title":{"rendered":"Shkod\u00ebr, pranga 30-vje\u00e7arit t\u00eb d\u00ebnuar me 5 vjet burg"},"content":{"rendered":"<p>Policia e Shkodr\u00ebs ka v\u00ebn\u00eb n\u00eb pranga 30-vje\u00e7arin, Valentin Gjeloshi, i d\u00ebnuar me 5 vite burg nga Gjykata Shkodr\u00ebs<\/p>\n<p>30 vje\u00e7ari, \u00a0banues n\u00eb lagjen \u201cSkenderbeg\u201d, ishte d\u00ebnuar nga Gjykata e Apelit Shkod\u00ebr me vendimin e form\u00ebs s\u00eb prer\u00eb Nr.98, dat\u00eb 13.03.2019, me 5 vite burgim p\u00ebr vepr\u00ebn penale \u2018\u2019Prodhim dhe shitja e narkotik\u00ebve \u2018\u2019, e kryer n\u00eb bashk\u00ebpunim.<\/p>\n<p>Materialet iu referuan Prokuroris\u00eb Pran\u00eb Gjykat\u00ebs s\u00eb Shkall\u00ebs s\u00eb Par\u00eb Shkod\u00ebr, p\u00ebr veprime t\u00eb m\u00ebtejshme.<\/p>\n<p>&nbsp;<\/p>\n","protected":false},"excerpt":{"rendered":"<p>Policia e Shkodr\u00ebs ka v\u00ebn\u00eb n\u00eb pranga 30-vje\u00e7arin, Valentin Gjeloshi, i d\u00ebnuar me 5 vite burg nga Gjykata Shkodr\u00ebs 30 vje\u00e7ari, \u00a0banues n\u00eb lagjen \u201cSkenderbeg\u201d, ishte d\u00ebnuar nga Gjykata e Apelit Shkod\u00ebr me vendimin e form\u00ebs s\u00eb prer\u00eb Nr.98, dat\u00eb 13.03.2019, me 5 vite burgim p\u00ebr vepr\u00ebn penale \u2018\u2019Prodhim dhe shitja e narkotik\u00ebve \u2018\u2019, e [&hellip;]<\/p>\n","protected":false},"author":2013,"featured_media":84630,"comment_status":"open","ping_status":"closed","sticky":false,"template":"","format":"standard","meta":{"footnotes":""},"categories":[241,235],"tags":[],"class_list":{"0":"post-84629","1":"post","2":"type-post","3":"status-publish","4":"format-standard","5":"has-post-thumbnail","7":"category-aktualitet","8":"category-vendi"},"_links":{"self":[{"href":"https:\/\/zjarr.tv\/sq\/wp-json\/wp\/v2\/posts\/84629","targetHints":{"allow":["GET"]}}],"collection":[{"href":"https:\/\/zjarr.tv\/sq\/wp-json\/wp\/v2\/posts"}],"about":[{"href":"https:\/\/zjarr.tv\/sq\/wp-json\/wp\/v2\/types\/post"}],"author":[{"embeddable":true,"href":"https:\/\/zjarr.tv\/sq\/wp-json\/wp\/v2\/users\/2013"}],"replies":[{"embeddable":true,"href":"https:\/\/zjarr.tv\/sq\/wp-json\/wp\/v2\/comments?post=84629"}],"version-history":[{"count":0,"href":"https:\/\/zjarr.tv\/sq\/wp-json\/wp\/v2\/posts\/84629\/revisions"}],"wp:featuredmedia":[{"embeddable":true,"href":"https:\/\/zjarr.tv\/sq\/wp-json\/wp\/v2\/media\/84630"}],"wp:attachment":[{"href":"https:\/\/zjarr.tv\/sq\/wp-json\/wp\/v2\/media?parent=84629"}],"wp:term":[{"taxonomy":"category","embeddable":true,"href":"https:\/\/zjarr.tv\/sq\/wp-json\/wp\/v2\/categories?post=84629"},{"taxonomy":"post_tag","embeddable":true,"href":"https:\/\/zjarr.tv\/sq\/wp-json\/wp\/v2\/tags?post=84629"}],"curies":[{"name":"wp","href":"https:\/\/api.w.org\/{rel}","templated":true}]}}