{"id":84632,"date":"2019-05-19T14:16:44","date_gmt":"2019-05-19T12:16:44","guid":{"rendered":"https:\/\/zjarr.tv\/?p=84632"},"modified":"2019-05-19T14:16:44","modified_gmt":"2019-05-19T12:16:44","slug":"renditja-e-shqiperise-ne-eurovision-bbc-tregon-arsyen-e-pakendshme-se-perse-maliqi-nuk-u-shpall-fituese","status":"publish","type":"post","link":"https:\/\/zjarr.tv\/sq\/renditja-e-shqiperise-ne-eurovision-bbc-tregon-arsyen-e-pakendshme-se-perse-maliqi-nuk-u-shpall-fituese\/","title":{"rendered":"Renditja e Shqip\u00ebris\u00eb n\u00eb Eurovision, BBC tregon arsyen e pak\u00ebndshme se p\u00ebrse Maliqi nuk u shpall fituese"},"content":{"rendered":"<p>K\u00ebng\u00ebtarja Jonida Maliqi mbr\u00ebmjen e kaluar na ngriti zemrat pesh\u00eb t\u00eb gjith\u00ebve me performanc\u00ebn e saj spektakolare n\u00eb finalen e madhe t\u00eb Eurovision-it me k\u00ebng\u00ebn \u201cKtheju Tok\u00ebs\u201d.<\/p>\n<p>Mir\u00ebpo s\u00eb fundmi nj\u00eb reporter i BBC-s\u00eb i ka dedikuar disa rreshta Jonid\u00ebs, ku mes tyre tregon edhe arsyen e pak\u00ebndshme se p\u00ebrse ajo nuk u shpall fituese.<\/p>\n<p>Mbr\u00ebm\u00eb bukuroshja mbante kodin num\u00ebr 2 dhe k\u00ebndoi e dyta, dhe gjith\u00e7ka lidhet pik\u00ebrisht me k\u00ebt\u00eb fakt.<\/p>\n<p><em>\u201cAsnj\u00eb finalist i cili ka qen\u00eb i dyti n\u00eb radh\u00eb p\u00ebr t\u00eb performuar nuk ka fituar ndonj\u00ebher\u00eb Eurovision-in. Ky \u00ebsht\u00eb nj\u00eb lajm i keq dhe hidh\u00ebrues p\u00ebr shqiptaren Jonida Maliqi\u201d,<\/em>\u00a0shkuan reporteri i BBC-s\u00eb Neil Smith.<\/p>\n<p>Kjo mund t\u00eb jet\u00eb nj\u00eb rast\u00ebsi, sikund\u00ebr mundet edhe t\u00eb mos jet\u00eb aspak nj\u00eb rast\u00ebsi, megjithat\u00eb p\u00ebrderisa nuk ka prova evidente nuk mund t\u00eb dalim n\u00eb konkluzione.<\/p>\n<p><em>\u201cK\u00ebnga \u2018Ktheju tok\u00ebs\u2019, v\u00ebshtir\u00eb se drith\u00ebron dik\u00eb aq sa p\u00ebr ta votuar si performanc\u00eb\u201d,<\/em>\u00a0vijon shkrimin e tij Neil Smith.<\/p>\n<p>Nd\u00ebrkoh\u00eb, m\u00eb tej ka cituar disa nga vargjet e k\u00ebng\u00ebs s\u00eb Jonid\u00ebs:\u00a0\u201c\u00c7do k\u00ebng\u00eb, \u00e7do lot, \u00ebsht\u00eb thjesht nj\u00eb suvenir i hidhur. Ti humbe identitetin t\u00ebnd k\u00ebshtu q\u00eb b\u00ebn mir\u00eb t\u00eb shkosh n\u00eb sht\u00ebpi tani.\u201d<\/p>\n<p>Rikujtojm\u00eb se Shqip\u00ebria u rendit n\u00eb vendin e 18-t\u00eb nd\u00ebrsa shteti q\u00eb u shpall fitues ishte Holanda q\u00eb p\u00ebrfaq\u00ebsohej nga k\u00ebng\u00ebtari Duncan Laurence me k\u00ebng\u00ebn e titulluar \u201cArcade\u201d\u2026<\/p>\n<p>&nbsp;<\/p>\n","protected":false},"excerpt":{"rendered":"<p>K\u00ebng\u00ebtarja Jonida Maliqi mbr\u00ebmjen e kaluar na ngriti zemrat pesh\u00eb t\u00eb gjith\u00ebve me performanc\u00ebn e saj spektakolare n\u00eb finalen e madhe t\u00eb Eurovision-it me k\u00ebng\u00ebn \u201cKtheju Tok\u00ebs\u201d. Mir\u00ebpo s\u00eb fundmi nj\u00eb reporter i BBC-s\u00eb i ka dedikuar disa rreshta Jonid\u00ebs, ku mes tyre tregon edhe arsyen e pak\u00ebndshme se p\u00ebrse ajo nuk u shpall fituese. [&hellip;]<\/p>\n","protected":false},"author":2013,"featured_media":84510,"comment_status":"open","ping_status":"closed","sticky":false,"template":"","format":"standard","meta":{"footnotes":""},"categories":[241,193],"tags":[],"class_list":{"0":"post-84632","1":"post","2":"type-post","3":"status-publish","4":"format-standard","5":"has-post-thumbnail","7":"category-aktualitet","8":"category-showbiz"},"_links":{"self":[{"href":"https:\/\/zjarr.tv\/sq\/wp-json\/wp\/v2\/posts\/84632","targetHints":{"allow":["GET"]}}],"collection":[{"href":"https:\/\/zjarr.tv\/sq\/wp-json\/wp\/v2\/posts"}],"about":[{"href":"https:\/\/zjarr.tv\/sq\/wp-json\/wp\/v2\/types\/post"}],"author":[{"embeddable":true,"href":"https:\/\/zjarr.tv\/sq\/wp-json\/wp\/v2\/users\/2013"}],"replies":[{"embeddable":true,"href":"https:\/\/zjarr.tv\/sq\/wp-json\/wp\/v2\/comments?post=84632"}],"version-history":[{"count":0,"href":"https:\/\/zjarr.tv\/sq\/wp-json\/wp\/v2\/posts\/84632\/revisions"}],"wp:featuredmedia":[{"embeddable":true,"href":"https:\/\/zjarr.tv\/sq\/wp-json\/wp\/v2\/media\/84510"}],"wp:attachment":[{"href":"https:\/\/zjarr.tv\/sq\/wp-json\/wp\/v2\/media?parent=84632"}],"wp:term":[{"taxonomy":"category","embeddable":true,"href":"https:\/\/zjarr.tv\/sq\/wp-json\/wp\/v2\/categories?post=84632"},{"taxonomy":"post_tag","embeddable":true,"href":"https:\/\/zjarr.tv\/sq\/wp-json\/wp\/v2\/tags?post=84632"}],"curies":[{"name":"wp","href":"https:\/\/api.w.org\/{rel}","templated":true}]}}