{"id":84643,"date":"2019-05-19T15:11:12","date_gmt":"2019-05-19T13:11:12","guid":{"rendered":"https:\/\/zjarr.tv\/?p=84643"},"modified":"2019-05-19T15:11:12","modified_gmt":"2019-05-19T13:11:12","slug":"pd-lsi-dhe-aleatet-perjashtohen-nga-fondi-per-zgjedhjet-vendore","status":"publish","type":"post","link":"https:\/\/zjarr.tv\/sq\/pd-lsi-dhe-aleatet-perjashtohen-nga-fondi-per-zgjedhjet-vendore\/","title":{"rendered":"PD, LSI dhe aleat\u00ebt p\u00ebrjashtohen nga fondi p\u00ebr zgjedhjet vendore"},"content":{"rendered":"<p>Kuvendi ka p\u00ebrjashtuar, Partin\u00eb Demokratike dhe L\u00ebvizjen Socialiste p\u00ebr Integrim nga p\u00ebrfitimi i fondeve q\u00eb rrjedhin nga buxheti i shtetit p\u00ebr partit\u00eb poltike q\u00eb garojn\u00eb n\u00eb 30 qershor.<\/p>\n<p>P\u00ebr zgjedhjet lokale, Kuvendi ka vendosur q\u00eb Komisioni Qendror i Zgjedhjeve ti shp\u00ebrndaj\u00eb partive politike t\u00eb regjistruara nj\u00eb fond prej 65 milion\u00eb lek\u00ebsh t\u00eb reja.<\/p>\n<p>Projektvendimi i miratuar n\u00eb seanc\u00ebn e fundit parlamentare sanksionon se sasia e fondit nga buxheti i shtetit do t\u2019u akordohet atyre partive partive politike t\u00eb regjistruara si subjekte zgjedhore, nd\u00ebrsa mbetet e pa p\u00ebrcaktuar m\u00ebnyr\u00ebn se si do t\u00eb ndahet kjo vler\u00eb.<\/p>\n<p>Komisioni Q\u00ebndror i Zgjedhjeve p\u00ebr k\u00ebt\u00eb \u00e7\u00ebshtje do t\u00eb veproj\u00eb mbi baz\u00ebn e neneve 87 dhe 88 t\u00eb Kodit Zgjedhor, ku p\u00ebrcaktohet n\u00eb m\u00ebnyr\u00eb specifike se si shp\u00ebrndahet ky fond.<\/p>\n<p>Neni 87, pika 1 p\u00ebrcakton se partit\u00eb politike pjes\u00ebmarr\u00ebse n\u00eb zgjedhje dhe q\u00eb kan\u00eb marr\u00eb jo m\u00eb pak se 0,5 p\u00ebr qind t\u00eb votave n\u00eb shkall\u00eb vendi, p\u00ebrfitojn\u00eb fonde nga buxheti i shtetit n\u00eb baz\u00eb t\u00eb numrit t\u00eb votave q\u00eb secila parti ka marr\u00eb n\u00eb ato zgjedhje.<\/p>\n<p>Fondi p\u00ebr k\u00ebt\u00eb q\u00ebllim p\u00ebrcaktohet me vendim t\u00eb Kuvendit dhe p\u00ebrb\u00ebn z\u00eb m\u00eb vete n\u00eb buxhetin e shtetit p\u00ebr vitin zgjedhor p\u00ebrkat\u00ebs.<\/p>\n<p>N\u00eb kushtet kur Partia Demokratike dhe L\u00ebvizja Socialiste p\u00ebr Integrim dhe forcat e tjera opzoitare q\u00eb nuk jan\u00eb regjistruar n\u00eb zgjedhje jan\u00eb p\u00ebrjashtuar, Partia Socialiste pritet t\u00eb marr\u00eb pjes\u00ebn m\u00eb t\u00eb madhe t\u00eb fondit, m\u00eb shum\u00eb se 85 p\u00ebrqind.<\/p>\n<p>Referuar kodit zgjedhor, \u00a05 p\u00ebrqind e k\u00ebtij fondi shkon p\u00ebr partit\u00eb politike q\u00eb hyjn\u00eb p\u00ebr her\u00eb t\u00eb par\u00eb n\u00eb zgjedhje, ku p\u00ebrfituese do t\u00eb jet\u00eb edhe Bindja Demokratike e krijuar s\u00eb fundmi nga Astrit Patozi.<\/p>\n<p>&nbsp;<\/p>\n","protected":false},"excerpt":{"rendered":"<p>Kuvendi ka p\u00ebrjashtuar, Partin\u00eb Demokratike dhe L\u00ebvizjen Socialiste p\u00ebr Integrim nga p\u00ebrfitimi i fondeve q\u00eb rrjedhin nga buxheti i shtetit p\u00ebr partit\u00eb poltike q\u00eb garojn\u00eb n\u00eb 30 qershor. P\u00ebr zgjedhjet lokale, Kuvendi ka vendosur q\u00eb Komisioni Qendror i Zgjedhjeve ti shp\u00ebrndaj\u00eb partive politike t\u00eb regjistruara nj\u00eb fond prej 65 milion\u00eb lek\u00ebsh t\u00eb reja. Projektvendimi i [&hellip;]<\/p>\n","protected":false},"author":2013,"featured_media":81893,"comment_status":"open","ping_status":"closed","sticky":false,"template":"","format":"standard","meta":{"footnotes":""},"categories":[241,235],"tags":[],"class_list":{"0":"post-84643","1":"post","2":"type-post","3":"status-publish","4":"format-standard","5":"has-post-thumbnail","7":"category-aktualitet","8":"category-vendi"},"_links":{"self":[{"href":"https:\/\/zjarr.tv\/sq\/wp-json\/wp\/v2\/posts\/84643","targetHints":{"allow":["GET"]}}],"collection":[{"href":"https:\/\/zjarr.tv\/sq\/wp-json\/wp\/v2\/posts"}],"about":[{"href":"https:\/\/zjarr.tv\/sq\/wp-json\/wp\/v2\/types\/post"}],"author":[{"embeddable":true,"href":"https:\/\/zjarr.tv\/sq\/wp-json\/wp\/v2\/users\/2013"}],"replies":[{"embeddable":true,"href":"https:\/\/zjarr.tv\/sq\/wp-json\/wp\/v2\/comments?post=84643"}],"version-history":[{"count":0,"href":"https:\/\/zjarr.tv\/sq\/wp-json\/wp\/v2\/posts\/84643\/revisions"}],"wp:featuredmedia":[{"embeddable":true,"href":"https:\/\/zjarr.tv\/sq\/wp-json\/wp\/v2\/media\/81893"}],"wp:attachment":[{"href":"https:\/\/zjarr.tv\/sq\/wp-json\/wp\/v2\/media?parent=84643"}],"wp:term":[{"taxonomy":"category","embeddable":true,"href":"https:\/\/zjarr.tv\/sq\/wp-json\/wp\/v2\/categories?post=84643"},{"taxonomy":"post_tag","embeddable":true,"href":"https:\/\/zjarr.tv\/sq\/wp-json\/wp\/v2\/tags?post=84643"}],"curies":[{"name":"wp","href":"https:\/\/api.w.org\/{rel}","templated":true}]}}