{"id":84645,"date":"2019-05-19T15:14:26","date_gmt":"2019-05-19T13:14:26","guid":{"rendered":"https:\/\/zjarr.tv\/?p=84645"},"modified":"2019-05-19T15:14:26","modified_gmt":"2019-05-19T13:14:26","slug":"kontingjenti-i-forces-se-sigurise-se-kosoves-ne-ushtrimin-e-nato-s-immediate-response-19","status":"publish","type":"post","link":"https:\/\/zjarr.tv\/sq\/kontingjenti-i-forces-se-sigurise-se-kosoves-ne-ushtrimin-e-nato-s-immediate-response-19\/","title":{"rendered":"Kontingjenti i Forc\u00ebs s\u00eb Siguris\u00eb s\u00eb Kosov\u00ebs n\u00eb ushtrimin e NATO-s \u201cImmediate Response-19\u201d"},"content":{"rendered":"<p><strong>Nj\u00eb kontigjent i FSK-s\u00eb, \u00ebsht\u00eb nisur sot p\u00ebr t\u00eb marr\u00eb pjes\u00eb n\u00eb ushtrimin fushor t\u00eb organizuar nga Ushtria Amerikane p\u00ebr Evrop\u00eb (USAREUR) e cila realizon ushtrimin e p\u00ebrbashk\u00ebt fushor me shtetet e NATO-s dhe me shtetet partnere, t\u00eb quajtur \u201cImmediate Response -19\u201d (P\u00ebrgjigjja e Menj\u00ebhershme-19).<\/strong><\/p>\n<p>Sipas njoftimit p\u00ebr media, FSK-ja merr pjes\u00eb me 45 pjes\u00ebtar\u00eb t\u00eb Batalionit t\u00eb Tret\u00eb t\u00eb Brigad\u00ebs s\u00eb Reagimit t\u00eb Shpejt\u00eb dhe Skuadr\u00ebs s\u00eb Deminimit (EOD). Ushtrimi do realizohet prej dat\u00ebs 20 maj deri m\u00eb 8 qershor 2019 n\u00eb Kroaci dhe Hungari.<\/p>\n<p>\u201cUshtrimi do t\u00eb zhvillohet me ekzekutimin e st\u00ebrvitjeve n\u00eb terren n\u00eb nivel batalioni, ku do t\u00eb p\u00ebrfshij\u00eb pritjen, p\u00ebrqendrimin e trupave, l\u00ebvizjen tutje dhe integrimin, me qellim kryesor t\u00eb nd\u00ebrveprimit n\u00eb nivel taktik, n\u00eb mes t\u00eb ushtrive t\u00eb shteteve pjes\u00ebmarr\u00ebse\u201d, thuhet n\u00eb njoftim.<\/p>\n<p>Sipas njoftimit pjes\u00ebtar\u00ebt e Forc\u00ebs s\u00eb Siguris\u00eb marrin pjes\u00eb n\u00eb trajnime dhe ushtrime t\u00eb ndryshme bilaterale dhe multilaterale, si brenda ashtu edhe jasht\u00eb vendit, me q\u00ebllim q\u00eb gjat\u00eb t\u00ebr\u00eb koh\u00ebs t\u00eb jen\u00eb sa m\u00eb t\u00eb p\u00ebrgatitur, p\u00ebr t\u00eb vepruar dhe punuar n\u00eb mjedis t\u00eb kombinuar shum\u00ebkomb\u00ebsh, si dhe t\u00eb shk\u00ebmbejn\u00eb p\u00ebrvoja me shtetet partnere.<\/p>\n<p>&nbsp;<\/p>\n","protected":false},"excerpt":{"rendered":"<p>Nj\u00eb kontigjent i FSK-s\u00eb, \u00ebsht\u00eb nisur sot p\u00ebr t\u00eb marr\u00eb pjes\u00eb n\u00eb ushtrimin fushor t\u00eb organizuar nga Ushtria Amerikane p\u00ebr Evrop\u00eb (USAREUR) e cila realizon ushtrimin e p\u00ebrbashk\u00ebt fushor me shtetet e NATO-s dhe me shtetet partnere, t\u00eb quajtur \u201cImmediate Response -19\u201d (P\u00ebrgjigjja e Menj\u00ebhershme-19). Sipas njoftimit p\u00ebr media, FSK-ja merr pjes\u00eb me 45 pjes\u00ebtar\u00eb [&hellip;]<\/p>\n","protected":false},"author":2013,"featured_media":63277,"comment_status":"open","ping_status":"closed","sticky":false,"template":"","format":"standard","meta":{"footnotes":""},"categories":[241,2],"tags":[],"class_list":{"0":"post-84645","1":"post","2":"type-post","3":"status-publish","4":"format-standard","5":"has-post-thumbnail","7":"category-aktualitet","8":"category-rajoni"},"_links":{"self":[{"href":"https:\/\/zjarr.tv\/sq\/wp-json\/wp\/v2\/posts\/84645","targetHints":{"allow":["GET"]}}],"collection":[{"href":"https:\/\/zjarr.tv\/sq\/wp-json\/wp\/v2\/posts"}],"about":[{"href":"https:\/\/zjarr.tv\/sq\/wp-json\/wp\/v2\/types\/post"}],"author":[{"embeddable":true,"href":"https:\/\/zjarr.tv\/sq\/wp-json\/wp\/v2\/users\/2013"}],"replies":[{"embeddable":true,"href":"https:\/\/zjarr.tv\/sq\/wp-json\/wp\/v2\/comments?post=84645"}],"version-history":[{"count":0,"href":"https:\/\/zjarr.tv\/sq\/wp-json\/wp\/v2\/posts\/84645\/revisions"}],"wp:featuredmedia":[{"embeddable":true,"href":"https:\/\/zjarr.tv\/sq\/wp-json\/wp\/v2\/media\/63277"}],"wp:attachment":[{"href":"https:\/\/zjarr.tv\/sq\/wp-json\/wp\/v2\/media?parent=84645"}],"wp:term":[{"taxonomy":"category","embeddable":true,"href":"https:\/\/zjarr.tv\/sq\/wp-json\/wp\/v2\/categories?post=84645"},{"taxonomy":"post_tag","embeddable":true,"href":"https:\/\/zjarr.tv\/sq\/wp-json\/wp\/v2\/tags?post=84645"}],"curies":[{"name":"wp","href":"https:\/\/api.w.org\/{rel}","templated":true}]}}