{"id":84647,"date":"2019-05-19T15:16:53","date_gmt":"2019-05-19T13:16:53","guid":{"rendered":"https:\/\/zjarr.tv\/?p=84647"},"modified":"2019-05-19T15:16:53","modified_gmt":"2019-05-19T13:16:53","slug":"kosove-vezhguesit-e-be-se-monitorojne-zgjedhjet-ne-veri","status":"publish","type":"post","link":"https:\/\/zjarr.tv\/sq\/kosove-vezhguesit-e-be-se-monitorojne-zgjedhjet-ne-veri\/","title":{"rendered":"Kosov\u00eb. V\u00ebzhguesit e BE-s\u00eb monitorojn\u00eb zgjedhjet n\u00eb veri"},"content":{"rendered":"<p><strong>N\u00eb veri t\u00eb vendit \u00ebsht\u00eb jan\u00eb duke u mbajtur zgjedhjet e parakohshme p\u00ebr kryetar\u00eb t\u00eb komunave me shumic\u00eb serbe.<\/strong><\/p>\n<p>P\u00ebr t\u00eb par\u00eb rrjedh\u00ebn e k\u00ebtij procesi zgjedhor, v\u00ebzhgues nga Bashkimi Evropian kan\u00eb vizituar nj\u00eb qend\u00ebr votimi n\u00eb Lagjen e Boshnjak\u00ebve.<\/p>\n<p>Ata jan\u00eb duke monitoruar nga af\u00ebr zgjedhjet n\u00eb veri, derisa p\u00ebr t\u2019u informuar lidhur me procesin zgjedhor kan\u00eb biseduar edhe me an\u00ebtar\u00ebt e Komisionit Qendror Zgjedhor.<\/p>\n<p>Ndryshe, n\u00eb komunat veriore t\u00eb gjitha vendvotimet jan\u00eb hapur me koh\u00eb dhe deri m\u00eb tani nuk \u00ebsht\u00eb raportuar p\u00ebr ndonj\u00eb incident.<\/p>\n<p>&nbsp;<\/p>\n","protected":false},"excerpt":{"rendered":"<p>N\u00eb veri t\u00eb vendit \u00ebsht\u00eb jan\u00eb duke u mbajtur zgjedhjet e parakohshme p\u00ebr kryetar\u00eb t\u00eb komunave me shumic\u00eb serbe. P\u00ebr t\u00eb par\u00eb rrjedh\u00ebn e k\u00ebtij procesi zgjedhor, v\u00ebzhgues nga Bashkimi Evropian kan\u00eb vizituar nj\u00eb qend\u00ebr votimi n\u00eb Lagjen e Boshnjak\u00ebve. Ata jan\u00eb duke monitoruar nga af\u00ebr zgjedhjet n\u00eb veri, derisa p\u00ebr t\u2019u informuar lidhur me [&hellip;]<\/p>\n","protected":false},"author":2013,"featured_media":84648,"comment_status":"open","ping_status":"closed","sticky":false,"template":"","format":"standard","meta":{"footnotes":""},"categories":[241,2],"tags":[],"class_list":{"0":"post-84647","1":"post","2":"type-post","3":"status-publish","4":"format-standard","5":"has-post-thumbnail","7":"category-aktualitet","8":"category-rajoni"},"_links":{"self":[{"href":"https:\/\/zjarr.tv\/sq\/wp-json\/wp\/v2\/posts\/84647","targetHints":{"allow":["GET"]}}],"collection":[{"href":"https:\/\/zjarr.tv\/sq\/wp-json\/wp\/v2\/posts"}],"about":[{"href":"https:\/\/zjarr.tv\/sq\/wp-json\/wp\/v2\/types\/post"}],"author":[{"embeddable":true,"href":"https:\/\/zjarr.tv\/sq\/wp-json\/wp\/v2\/users\/2013"}],"replies":[{"embeddable":true,"href":"https:\/\/zjarr.tv\/sq\/wp-json\/wp\/v2\/comments?post=84647"}],"version-history":[{"count":0,"href":"https:\/\/zjarr.tv\/sq\/wp-json\/wp\/v2\/posts\/84647\/revisions"}],"wp:featuredmedia":[{"embeddable":true,"href":"https:\/\/zjarr.tv\/sq\/wp-json\/wp\/v2\/media\/84648"}],"wp:attachment":[{"href":"https:\/\/zjarr.tv\/sq\/wp-json\/wp\/v2\/media?parent=84647"}],"wp:term":[{"taxonomy":"category","embeddable":true,"href":"https:\/\/zjarr.tv\/sq\/wp-json\/wp\/v2\/categories?post=84647"},{"taxonomy":"post_tag","embeddable":true,"href":"https:\/\/zjarr.tv\/sq\/wp-json\/wp\/v2\/tags?post=84647"}],"curies":[{"name":"wp","href":"https:\/\/api.w.org\/{rel}","templated":true}]}}