{"id":84652,"date":"2019-05-19T15:25:03","date_gmt":"2019-05-19T13:25:03","guid":{"rendered":"https:\/\/zjarr.tv\/?p=84652"},"modified":"2019-05-19T15:25:03","modified_gmt":"2019-05-19T13:25:03","slug":"sondazhet-serbe-shumica-e-qytetareve-ne-serbi-mendojne-se-pushteti-aktual-do-ta-njohe-kosoven","status":"publish","type":"post","link":"https:\/\/zjarr.tv\/sq\/sondazhet-serbe-shumica-e-qytetareve-ne-serbi-mendojne-se-pushteti-aktual-do-ta-njohe-kosoven\/","title":{"rendered":"Sondazhet serbe: Shumica e qytetar\u00ebve n\u00eb Serbi mendojn\u00eb se pushteti aktual do ta njoh\u00eb Kosov\u00ebn"},"content":{"rendered":"<p>Mediat n\u00eb Serbi vazhdojn\u00eb me sondazhe, p\u00ebrmes s\u00eb cilave po hulumtojn\u00eb opinionin publik lidhur me \u00e7\u00ebshtjen e Kosov\u00ebs dhe njohjen e Republik\u00ebs s\u00eb Kosov\u00ebs nga Serbia. N\u00eb sondazhin e realizuar nga portali i gazet\u00ebs \u201cDanas\u2019, 42 p\u00ebr qind e qytetar\u00ebve serb\u00eb besojn\u00eb se qeveria aktuale do ta njoh\u00eb pavar\u00ebsin\u00eb e Kosov\u00ebs, kurse n\u00eb t\u00eb nj\u00ebjtin sondazh n\u00eb Twitter m\u00eb shum\u00eb se 50 p\u00ebr qind e pjes\u00ebmarr\u00ebsve e thon\u00eb t\u00eb nj\u00ebjt\u00ebn gj\u00eb.<\/p>\n<p>N\u00eb sondazhin me pyetjen \u201cSi mendoni se do t\u00eb zgjidhet \u00e7\u00ebshtja e Kosov\u00ebs gjat\u00eb mandatit t\u00eb qeveris\u00eb s\u00eb tanishme?\u201d, n\u00eb faqen e internetit t\u00eb gazet\u00ebs \u2018Danas\u2019 kan\u00eb votuar 741 qytetar\u00eb.<br \/>\nShumica e pjes\u00ebmarr\u00ebsve n\u00eb sondazh, ose 42 p\u00ebr qind prej tyre, besojn\u00eb se \u00e7\u00ebshtja e Kosov\u00ebs do t\u00eb zgjidhet me njohjen e pavar\u00ebsis\u00eb s\u00eb Kosov\u00ebs nga Serbia. 38 p\u00ebr qind e tyre mendojn\u00eb se kjo \u00e7\u00ebshtje nuk do t\u00eb zgjidhet gjat\u00eb qeveris\u00eb s\u00eb tanishme, kurse 21 p\u00ebr qind e qytetar\u00ebve besojn\u00eb se do t\u00eb ndodh\u00eb demarkacioni mes Serbis\u00eb dhe Kosov\u00ebs, p\u00ebrcjell Telegrafi.<\/p>\n<p>N\u00eb t\u00eb nj\u00ebjtin sondazh t\u00eb b\u00ebr\u00eb n\u00eb Twitter, ku votuan rreth 600 qytetar\u00eb, m\u00eb shum\u00eb se 50 p\u00ebr qind mendojn\u00eb se Serbia do ta njoh\u00eb pavar\u00ebsin\u00eb e Kosov\u00ebs. Nd\u00ebrsa, 43 p\u00ebr qind prej tyre mendojn\u00eb se do t\u00eb mbetet status quo lidhur me Kosov\u00ebn edhe pas qeveris\u00eb s\u00eb tanishme n\u00eb Serbi, kurse vet\u00ebm gjasht\u00eb p\u00ebr qind mendojn\u00eb se do t\u00eb ket\u00eb demarkacion.<\/p>\n<p>Nd\u00ebrsa, n\u00eb sondazhin e k\u00ebsaj gazete n\u00eb Facebook \u201cA jeni p\u00ebr demarkacion n\u00eb mes t\u00eb Serbis\u00eb dhe Kosov\u00ebs?\u201d, kan\u00eb votuar 3,600 qytetar\u00eb dhe prej tyre 68 p\u00ebr qind votuan kund\u00ebr demarkacionit, kurse 32 p\u00ebr qind e kan\u00eb votuar n\u00eb favor t\u00eb k\u00ebsaj ideje.<\/p>\n<p>Deputeti i partis\u00eb \u201cNova Srbija\u201d (Serbia e Re), Gjorgje Vukadinoviq, duke komentuar rezultatet e anket\u00ebs, ka th\u00ebn\u00eb se \u201ck\u00ebshtu si po sillet pushteti, para s\u00eb gjithash duke pasur parasysh deklaratat e Aleksandar Vu\u00e7iqit, kjo tregon se ata jan\u00eb n\u00eb k\u00ebrkim t\u00eb nj\u00eb forme m\u00eb pak t\u00eb dhimbshme q\u00eb t\u00eb b\u00ebhet njohja e pavar\u00ebsis\u00eb. Qytetar\u00ebt n\u00eb sondazhe votuan ashtu pasi nuk e din\u00eb porosin\u00eb, respektivisht q\u00ebllimin q\u00eb njohja t\u00eb ndodh\u00eb \u201c.<\/p>\n<p>\u201cKund\u00ebr demarkacionint jan\u00eb ata q\u00eb kund\u00ebrshtojn\u00eb \u00e7far\u00ebdo ndarje t\u00eb Kosov\u00ebs, respektivisht ata q\u00eb jan\u00eb p\u00ebr Kosov\u00ebn brenda Serbis\u00eb, kjo \u00ebsht\u00eb arsyeja kryesore, por nj\u00eb tjet\u00ebr arsye \u00ebsht\u00eb se njer\u00ebzit nuk besojn\u00eb shum\u00eb n\u00eb k\u00ebt\u00eb opsion [demarkacion]\u201d, tha Vukadinoviq, p\u00ebrcjell Telegrafi.<\/p>\n<p>Shum\u00eb qytetar\u00eb e kan\u00eb komentuar anket\u00ebn, duke dh\u00ebn\u00eb mendime t\u00eb ndryshme mbi k\u00ebt\u00eb tem\u00eb.<\/p>\n<p>N\u00eb nj\u00eb koment thuhej \u201cNjohja faktike e Kosov\u00ebs menj\u00ebher\u00eb, q\u00eb do t\u00eb thot\u00eb se Serbia nuk do ta pengonte m\u00eb Kosov\u00ebn t\u00eb b\u00ebhej an\u00ebtare e OKB-s\u00eb dhe e t\u00eb gjitha organizatave nd\u00ebrkomb\u00ebtare. Nj\u00eb vendim i till\u00eb sigurisht q\u00eb do t\u00eb p\u00ebrmir\u00ebsonte pozit\u00ebn e serb\u00ebve n\u00eb Kosov\u00eb, respektivisht marr\u00ebdh\u00ebniet midis dy shteteve dhe dy popujve\u201d.<\/p>\n<p>Nga ana tjet\u00ebr, disa vler\u00ebsojn\u00eb se Serbia nuk mund dhe nuk guxon t\u00eb heq\u00eb dor\u00eb nga nj\u00eb pjes\u00eb e territorit t\u00eb saj.<\/p>\n<p>\u201cSerbia \u00ebsht\u00eb an\u00ebtare e Kombeve t\u00eb Bashkuara me kufij t\u00eb qart\u00eb, duke p\u00ebrfshir\u00eb Kosov\u00ebn n\u00eb p\u00ebrb\u00ebrjen e saj, plus Rezoluta 1244,plus gjysma e globit nuk e ka njohur Kosov\u00ebn si shtet t\u00eb pavarur, k\u00ebshtu q\u00eb ai shtet mund t\u00eb ekzistojn\u00eb vet\u00ebm n\u00eb let\u00ebr. Nuk do ta kemi m\u00eb mir\u00eb n\u00ebse heqim dor\u00eb nga nj\u00eb pjes\u00eb e territorit, kjo mund t\u00eb shkaktoj\u00eb probleme t\u00eb reja rreth kufijve\u201d, thot\u00eb nj\u00ebri lexues n\u00eb komentin e tij.<\/p>\n<p>Disa, megjithat\u00eb, besojn\u00eb se gj\u00ebja m\u00eb e r\u00ebnd\u00ebsishme \u00ebsht\u00eb t\u00eb vij\u00eb deri te pajtimi mes dy popujve, n\u00eb m\u00ebnyr\u00eb q\u00eb t\u00eb fillohet me zgjidhjen e ndonj\u00eb \u00e7\u00ebshtje tjet\u00ebr.<\/p>\n<p>\u201cUn\u00eb jam p\u00ebr pajtim mes dy popujve. Q\u00eb secili t\u00eb d\u00ebnojn\u00eb kriminel\u00ebt e vet dhe pastaj n\u00ebse mundemi s\u00eb bashku, e n\u00ebse nuk mundemi, t\u00eb ndahem\u201d, ka shkruar nj\u00eb qytetar.<\/p>\n<p><a href=\"https:\/\/trkwl.me\/?flux_fts=pzppxppliopoqqiozaelllatlolzztqqlcxai1daa9&amp;campaign=%7bcampaign%7d&amp;publisher=qysh-zeriinfo&amp;ad=New+Tech+Trick+Gives+You+Ultra+Fast+WiFi+Boosts.+%28No+Monthly+Bills%29&amp;creative=http%3A%2F%2Fblogs.dailylifetech.com%2Fb%2Fsuperboost%2F069%2F010.jpg&amp;banner_id=220290474&amp;tb_cid=CjAxMGMxYTQ0My0yNWE0LTQzYWUtYTYwYi05Y2QyYTA4M2U1ZjItdHVjdDMwMmM0OWUSEndvcmxkbGVhZHNtZWRpYS1zYw\"><\/p>\n<p><\/a><\/p>\n<p>&nbsp;<\/p>\n","protected":false},"excerpt":{"rendered":"<p>Mediat n\u00eb Serbi vazhdojn\u00eb me sondazhe, p\u00ebrmes s\u00eb cilave po hulumtojn\u00eb opinionin publik lidhur me \u00e7\u00ebshtjen e Kosov\u00ebs dhe njohjen e Republik\u00ebs s\u00eb Kosov\u00ebs nga Serbia. N\u00eb sondazhin e realizuar nga portali i gazet\u00ebs \u201cDanas\u2019, 42 p\u00ebr qind e qytetar\u00ebve serb\u00eb besojn\u00eb se qeveria aktuale do ta njoh\u00eb pavar\u00ebsin\u00eb e Kosov\u00ebs, kurse n\u00eb t\u00eb nj\u00ebjtin [&hellip;]<\/p>\n","protected":false},"author":2013,"featured_media":84653,"comment_status":"open","ping_status":"closed","sticky":false,"template":"","format":"standard","meta":{"footnotes":""},"categories":[241,2],"tags":[],"class_list":{"0":"post-84652","1":"post","2":"type-post","3":"status-publish","4":"format-standard","5":"has-post-thumbnail","7":"category-aktualitet","8":"category-rajoni"},"_links":{"self":[{"href":"https:\/\/zjarr.tv\/sq\/wp-json\/wp\/v2\/posts\/84652","targetHints":{"allow":["GET"]}}],"collection":[{"href":"https:\/\/zjarr.tv\/sq\/wp-json\/wp\/v2\/posts"}],"about":[{"href":"https:\/\/zjarr.tv\/sq\/wp-json\/wp\/v2\/types\/post"}],"author":[{"embeddable":true,"href":"https:\/\/zjarr.tv\/sq\/wp-json\/wp\/v2\/users\/2013"}],"replies":[{"embeddable":true,"href":"https:\/\/zjarr.tv\/sq\/wp-json\/wp\/v2\/comments?post=84652"}],"version-history":[{"count":0,"href":"https:\/\/zjarr.tv\/sq\/wp-json\/wp\/v2\/posts\/84652\/revisions"}],"wp:featuredmedia":[{"embeddable":true,"href":"https:\/\/zjarr.tv\/sq\/wp-json\/wp\/v2\/media\/84653"}],"wp:attachment":[{"href":"https:\/\/zjarr.tv\/sq\/wp-json\/wp\/v2\/media?parent=84652"}],"wp:term":[{"taxonomy":"category","embeddable":true,"href":"https:\/\/zjarr.tv\/sq\/wp-json\/wp\/v2\/categories?post=84652"},{"taxonomy":"post_tag","embeddable":true,"href":"https:\/\/zjarr.tv\/sq\/wp-json\/wp\/v2\/tags?post=84652"}],"curies":[{"name":"wp","href":"https:\/\/api.w.org\/{rel}","templated":true}]}}