{"id":84655,"date":"2019-05-19T15:32:18","date_gmt":"2019-05-19T13:32:18","guid":{"rendered":"https:\/\/zjarr.tv\/?p=84655"},"modified":"2019-05-19T15:32:18","modified_gmt":"2019-05-19T13:32:18","slug":"qeveria-e-beogradit-lista-serbe-garanci-se-serbia-do-te-jete-e-pranishme-ne-kosove","status":"publish","type":"post","link":"https:\/\/zjarr.tv\/sq\/qeveria-e-beogradit-lista-serbe-garanci-se-serbia-do-te-jete-e-pranishme-ne-kosove\/","title":{"rendered":"Qeveria e Beogradit: Lista Serbe garanci se Serbia do t\u00eb jet\u00eb e pranishme n\u00eb Kosov\u00eb"},"content":{"rendered":"<p>Ndihm\u00ebsdrejtori i \u00a0t\u00eb ashtuquajtur\u00ebs, Zyre p\u00ebr Kosov\u00ebn, Petar Petkoviq, i k\u00ebrkoi popullit serb n\u00eb Kosov\u00eb t\u00eb dal\u00eb n\u00eb mas\u00eb t\u00eb madhe dhe t\u00eb votoj\u00eb p\u00ebr List\u00ebn Serbe, sepse \u00ebsht\u00eb garantues i mbijetes\u00ebs s\u00eb popullit serb n\u00eb Kosov\u00eb, transmeton Indeksonline.<\/p>\n<p>Petkoviq, n\u00eb RTS, tha se zgjedhjet e sotme n\u00eb kat\u00ebr komuna n\u00eb veri t\u00eb Kosov\u00ebs jan\u00eb referendum.<\/p>\n<p>Ai ka th\u00ebn\u00eb se n\u00eb Prishtin\u00eb \u00ebsht\u00eb duke u ushtruar presion ndaj serb\u00ebve.<\/p>\n<p>\u201cPrishtina vazhdimisht po ushtron presion ndaj serb\u00ebve dhe se fushata e kandidat\u00ebve serb\u00eb \u00ebsht\u00eb b\u00ebr\u00eb n\u00eb kushte t\u00eb tmerrshme.\u00a0Miratimi i nj\u00eb rezolute mbi krimet e dyshuara serbe \u00ebsht\u00eb nj\u00eb lloj presioni n\u00eb syt\u00eb e zgjedhjeve\u201d, tha ai.<\/p>\n<p>Petkoviq, i cili koh\u00ebt e fundit ka banuar n\u00eb Kosov\u00eb, thot\u00eb se populli serb, pavar\u00ebsisht nga k\u00ebto presione, \u00ebsht\u00eb i vendosur t\u00eb luftoj\u00eb p\u00ebr vete.<\/p>\n<p>-\u201cAutoritetet e Prishtin\u00ebs kan\u00eb kandidat\u00ebt e tyre dhe kandidat\u00ebt e Vet\u00ebvendosjes po mbrojn\u00eb drejtp\u00ebrs\u00ebdrejti Shqip\u00ebrin\u00eb e Madhe dhe nuk \u00ebsht\u00eb e nj\u00ebjt\u00eb n\u00ebse ata do t\u00eb fitojn\u00eb, \u00a0kandidat\u00ebt serb\u00eb apo shqiptar\u00ebt q\u00eb duan q\u00eb populli serb t\u00eb d\u00ebbohet nga Kosova,\u201d, theksoi ai.<\/p>\n<p>Sipas tij, dita e sotme duhet t\u00eb kaloj\u00eb n\u00eb paqe dhe n\u00eb nj\u00eb atmosfer\u00eb demokratike, sepse incidentet korrespondojn\u00eb vet\u00ebm me Prishtin\u00ebn.<\/p>\n<p>\u201cLista Serbe dhe shteti i Serbis\u00eb me fondet e investuara miliona jan\u00eb nj\u00eb tregues se qeveria d\u00ebshiron t\u00eb ruaj\u00eb Kosov\u00ebn, kombi serb n\u00eb an\u00ebn tjet\u00ebr duhet t\u00eb jet\u00eb i pranish\u00ebm p\u00ebr t\u00eb treguar p\u00ebrgjegj\u00ebsin\u00eb e tyre dhe p\u00ebr t\u00eb dal\u00eb masivisht dhe t\u00eb votojn\u00eb.\u00a0Lista Serbe \u00ebsht\u00eb nj\u00eb garantues i mbijetes\u00ebs s\u00eb popullit serb n\u00eb Kosov\u00eb si dhe zgjerimin e ciklit t\u00eb investimeve t\u00eb Qeveris\u00eb s\u00eb Serbis\u00eb, ku pas 40 viteve t\u00eb l\u00ebvizin rim\u00ebk\u00ebmbjen ekonomike n\u00eb komunitetet serbe n\u00eb Kosov\u00eb. Lista Serbe \u00ebsht\u00eb nj\u00eb garanci se qeveria do t\u00eb jet\u00eb e pranish\u00ebm n\u00eb Kosov\u00eb, \u2013 tha Petkoviq.<\/p>\n<p>Ndryshe, sot n\u00eb kat\u00ebr komunat n\u00eb veri t\u00eb Kosov\u00ebs jan\u00eb duke u mbajtur zgjedhjet e parakohshme p\u00ebr kryetar\u00eb t\u00eb komunave.<\/p>\n<p>Zgjedhjet e 19 majit erdh\u00ebn si rezultat i dor\u00ebheqjes s\u00eb kat\u00ebr kryetar\u00ebve t\u00eb komunave me shumic\u00eb serbe, tre prej t\u00eb cil\u00ebve kan\u00eb rikandiduar p\u00ebrs\u00ebri.<\/p>\n<p>&nbsp;<\/p>\n","protected":false},"excerpt":{"rendered":"<p>Ndihm\u00ebsdrejtori i \u00a0t\u00eb ashtuquajtur\u00ebs, Zyre p\u00ebr Kosov\u00ebn, Petar Petkoviq, i k\u00ebrkoi popullit serb n\u00eb Kosov\u00eb t\u00eb dal\u00eb n\u00eb mas\u00eb t\u00eb madhe dhe t\u00eb votoj\u00eb p\u00ebr List\u00ebn Serbe, sepse \u00ebsht\u00eb garantues i mbijetes\u00ebs s\u00eb popullit serb n\u00eb Kosov\u00eb, transmeton Indeksonline. Petkoviq, n\u00eb RTS, tha se zgjedhjet e sotme n\u00eb kat\u00ebr komuna n\u00eb veri t\u00eb Kosov\u00ebs jan\u00eb [&hellip;]<\/p>\n","protected":false},"author":2013,"featured_media":84656,"comment_status":"open","ping_status":"closed","sticky":false,"template":"","format":"standard","meta":{"footnotes":""},"categories":[241,2],"tags":[],"class_list":{"0":"post-84655","1":"post","2":"type-post","3":"status-publish","4":"format-standard","5":"has-post-thumbnail","7":"category-aktualitet","8":"category-rajoni"},"_links":{"self":[{"href":"https:\/\/zjarr.tv\/sq\/wp-json\/wp\/v2\/posts\/84655","targetHints":{"allow":["GET"]}}],"collection":[{"href":"https:\/\/zjarr.tv\/sq\/wp-json\/wp\/v2\/posts"}],"about":[{"href":"https:\/\/zjarr.tv\/sq\/wp-json\/wp\/v2\/types\/post"}],"author":[{"embeddable":true,"href":"https:\/\/zjarr.tv\/sq\/wp-json\/wp\/v2\/users\/2013"}],"replies":[{"embeddable":true,"href":"https:\/\/zjarr.tv\/sq\/wp-json\/wp\/v2\/comments?post=84655"}],"version-history":[{"count":0,"href":"https:\/\/zjarr.tv\/sq\/wp-json\/wp\/v2\/posts\/84655\/revisions"}],"wp:featuredmedia":[{"embeddable":true,"href":"https:\/\/zjarr.tv\/sq\/wp-json\/wp\/v2\/media\/84656"}],"wp:attachment":[{"href":"https:\/\/zjarr.tv\/sq\/wp-json\/wp\/v2\/media?parent=84655"}],"wp:term":[{"taxonomy":"category","embeddable":true,"href":"https:\/\/zjarr.tv\/sq\/wp-json\/wp\/v2\/categories?post=84655"},{"taxonomy":"post_tag","embeddable":true,"href":"https:\/\/zjarr.tv\/sq\/wp-json\/wp\/v2\/tags?post=84655"}],"curies":[{"name":"wp","href":"https:\/\/api.w.org\/{rel}","templated":true}]}}