{"id":84665,"date":"2019-05-19T19:20:23","date_gmt":"2019-05-19T17:20:23","guid":{"rendered":"https:\/\/zjarr.tv\/?p=84665"},"modified":"2019-05-19T15:45:03","modified_gmt":"2019-05-19T13:45:03","slug":"merkel-u-kerkon-votuesve-te-refuzojne-nacionalizmin-ne-zgjedhjet-e-be","status":"publish","type":"post","link":"https:\/\/zjarr.tv\/sq\/merkel-u-kerkon-votuesve-te-refuzojne-nacionalizmin-ne-zgjedhjet-e-be\/","title":{"rendered":"Merkel u k\u00ebrkon votuesve t\u00eb refuzojn\u00eb nacionalizmin n\u00eb zgjedhjet e BE"},"content":{"rendered":"<p>Kancelarja gjermane, Angela Merkel, u b\u00ebri thirrje evropian\u00ebve t\u00eb shtun\u00ebn t\u00eb refuzojn\u00eb me vot\u00eb nacionalizmin n\u00eb zgjedhjet e BE-s\u00eb q\u00eb do t\u00eb mbahen jav\u00ebn e ardhshme.<br \/>\nDeklarata e Merkel u b\u00eb gjat\u00eb nj\u00eb tubim n\u00eb kryeqytetin kroat t\u00eb Zagrebit, nd\u00ebrsa kancelari i Austris\u00eb njoftoi fundin e qeveris\u00eb s\u00eb tij me Partin\u00eb e ekstremit t\u00eb djatht\u00eb t\u00eb Strache<br \/>\npas publikimit t\u00eb nj\u00eb videoje sekrete ku partneri i tij i koalicionit shfaqej duke diskutuar kontratat qeveritare me nj\u00eb investitor t\u00eb pretenduar rus.<br \/>\n&#8220;Patriotizmi dhe Evropa nuk jan\u00eb n\u00eb kund\u00ebrshtim me nj\u00ebri-tjetrin, nacionalizmi po p\u00ebrpiqet t\u00eb shkat\u00ebrroj\u00eb Evrop\u00ebn dhe ne duhet ta luftojm\u00eb&#8221;, deklaroi Merkel para nj\u00eb turm\u00eb prej rreth 6,000 njer\u00ebzish t\u00eb mbledhur n\u00eb nj\u00eb sall\u00eb basketbolli, n\u00eb ngjarjen e vetme t\u00eb fushat\u00ebs zgjedhore t\u00eb Parlamentit Europian jasht\u00eb Gjermanis\u00eb.<br \/>\nKancelarja gjermane iu referua p\u00ebrvoj\u00ebs s\u00eb Kroacis\u00eb n\u00eb luft\u00ebrat e Ballkanit t\u00eb viteve 1990, nd\u00ebrsa p\u00ebrsh\u00ebndeti Bashkimin Evropian si nj\u00eb faktor ky\u00e7 n\u00eb favor t\u00eb paqes n\u00eb kontinent.<br \/>\n&#8220;Evropa \u00ebsht\u00eb nj\u00eb projekt paqeje. Ne kemi 74 vjet paqe n\u00eb Gjermani. Ju keni pasur nj\u00eb luft\u00eb n\u00eb vitet 1990, ju e dini se \u00e7far\u00eb do t\u00eb thot\u00eb paqe &#8220;, tha Merkel.<br \/>\n&#8220;Ne mund ta mbajm\u00eb k\u00ebt\u00eb paqe vet\u00ebm n\u00ebse p\u00ebrfaq\u00ebsojm\u00eb interesat e t\u00eb gjitha shteteve an\u00ebtare dhe n\u00ebse jemi n\u00eb gjendje ta fusim veten n\u00eb pozicionin e pal\u00ebs tjet\u00ebr , p\u00ebr t\u00eb nd\u00ebrtuar ura. &#8221;<br \/>\nMerkel u shfaq n\u00eb tubim s\u00eb bashku me Manfred Weber, kandidatin p\u00ebr president t\u00eb Komisionit Evropian t\u00eb Aleanc\u00ebs s\u00eb qendr\u00ebs s\u00eb djatht\u00eb t\u00eb Partis\u00eb Popullore Evropiane dhe kryeministrin kroat Andrej Plenkovi\u00e7.<br \/>\nKandidati kryesor i partis\u00eb n\u00eb pushtet t\u00eb Kroacis\u00eb HDZ, Karlo Ressler, ishte gjithashtu n\u00eb event.<br \/>\nMerkel foli kryesisht n\u00eb gjermanisht, por ajo p\u00ebrfundoi fjalimin e saj n\u00eb kroatisht, duke i b\u00ebr\u00eb thirrje njer\u00ebzve t\u00eb votonin n\u00eb zgjedhje.<br \/>\n&#8220;Mb\u00ebshtetni Evrop\u00ebn e paqes, liris\u00eb dhe prosperitetit. Mb\u00ebshtetni PPE dhe HDZ. P\u00ebrkrahni Manfred Weber dhe Karlo Ressler &#8220;.<\/p>\n","protected":false},"excerpt":{"rendered":"<p>Kancelarja gjermane, Angela Merkel, u b\u00ebri thirrje evropian\u00ebve t\u00eb shtun\u00ebn t\u00eb refuzojn\u00eb me vot\u00eb nacionalizmin n\u00eb zgjedhjet e BE-s\u00eb q\u00eb do t\u00eb mbahen jav\u00ebn e ardhshme. Deklarata e Merkel u b\u00eb gjat\u00eb nj\u00eb tubim n\u00eb kryeqytetin kroat t\u00eb Zagrebit, nd\u00ebrsa kancelari i Austris\u00eb njoftoi fundin e qeveris\u00eb s\u00eb tij me Partin\u00eb e ekstremit t\u00eb djatht\u00eb [&hellip;]<\/p>\n","protected":false},"author":2013,"featured_media":50128,"comment_status":"open","ping_status":"closed","sticky":false,"template":"","format":"standard","meta":{"footnotes":""},"categories":[241,191],"tags":[],"class_list":{"0":"post-84665","1":"post","2":"type-post","3":"status-publish","4":"format-standard","5":"has-post-thumbnail","7":"category-aktualitet","8":"category-bota"},"_links":{"self":[{"href":"https:\/\/zjarr.tv\/sq\/wp-json\/wp\/v2\/posts\/84665","targetHints":{"allow":["GET"]}}],"collection":[{"href":"https:\/\/zjarr.tv\/sq\/wp-json\/wp\/v2\/posts"}],"about":[{"href":"https:\/\/zjarr.tv\/sq\/wp-json\/wp\/v2\/types\/post"}],"author":[{"embeddable":true,"href":"https:\/\/zjarr.tv\/sq\/wp-json\/wp\/v2\/users\/2013"}],"replies":[{"embeddable":true,"href":"https:\/\/zjarr.tv\/sq\/wp-json\/wp\/v2\/comments?post=84665"}],"version-history":[{"count":0,"href":"https:\/\/zjarr.tv\/sq\/wp-json\/wp\/v2\/posts\/84665\/revisions"}],"wp:featuredmedia":[{"embeddable":true,"href":"https:\/\/zjarr.tv\/sq\/wp-json\/wp\/v2\/media\/50128"}],"wp:attachment":[{"href":"https:\/\/zjarr.tv\/sq\/wp-json\/wp\/v2\/media?parent=84665"}],"wp:term":[{"taxonomy":"category","embeddable":true,"href":"https:\/\/zjarr.tv\/sq\/wp-json\/wp\/v2\/categories?post=84665"},{"taxonomy":"post_tag","embeddable":true,"href":"https:\/\/zjarr.tv\/sq\/wp-json\/wp\/v2\/tags?post=84665"}],"curies":[{"name":"wp","href":"https:\/\/api.w.org\/{rel}","templated":true}]}}