{"id":84667,"date":"2019-05-19T19:30:07","date_gmt":"2019-05-19T17:30:07","guid":{"rendered":"https:\/\/zjarr.tv\/?p=84667"},"modified":"2019-05-19T15:48:03","modified_gmt":"2019-05-19T13:48:03","slug":"austria-drejt-zgjedhjeve-te-parakohshme","status":"publish","type":"post","link":"https:\/\/zjarr.tv\/sq\/austria-drejt-zgjedhjeve-te-parakohshme\/","title":{"rendered":"Austria drejt zgjedhjeve t\u00eb parakohshme"},"content":{"rendered":"<p><em>Austria \u00ebsht\u00eb p\u00ebrfshir\u00eb nga nj\u00eb skandal politik pasi zv.\/kancelari Kristan Strahe u filmua teksa i ofronte kontrate qeveritare nj\u00eb oligarkeje ruse. Skandali q\u00eb shp\u00ebrtheu n\u00eb prag t\u00eb zgjedhjeve europiane, nxiti kancelarin Sebastian Kurz t\u00eb shpall\u00eb zgjedhjet e parakohshme. Presidenti i vendit tha se zgjedhjet jan\u00eb t\u00eb nevojshme p\u00ebr t\u00eb rikthyer besimin e publikut.<\/em><\/p>\n<p>Austria \u00ebsht\u00eb p\u00ebrfshir\u00eb n\u00eb nj\u00eb kriz\u00eb politike dhe presidenti Alexander Van der Bellen theksoi se zhvillimi i zgjedhjeve t\u00eb parakohshme ishte i nevojsh\u00ebm p\u00ebr t\u00eb rifituar besimin e publikut.<\/p>\n<p>Duke folur p\u00ebrpara medieve, Van der Bellen tha se &#8220;kjo mund t\u00eb arrihet vet\u00ebm me zgjedhje t\u00eb parakohshme.&#8221;<\/p>\n<p>Presidenti shtoi gjithashtu se e ka biseduar \u00e7\u00ebshtjen e zgjedhjeve t\u00eb parakohshme me kancelarin Sebastian Kurz.<\/p>\n<p>Partia Popullore e qendr\u00ebs s\u00eb djatht\u00eb e kancelarit Kurtz \u00ebsht\u00eb n\u00eb qeveri me Partin\u00eb e Liris\u00eb, e krahut t\u00eb djatht\u00eb, udh\u00ebheq\u00ebsi i s\u00eb cil\u00ebs \u00ebsht\u00eb Heinz Christian Strache.<\/p>\n<p>Dor\u00ebheqja e k\u00ebtij t\u00eb fundit erdhi pas publikimit t\u00eb nj\u00eb video regjistrimi nga gazeta Der Spiegel, ku ai shfaqet teksa i ofron kontrata qeveritare nj\u00eb gruaje q\u00eb paraqitet si investitore e pasur nga Rusia.<\/p>\n<p>Zoti Strache e pranoi fajin p\u00ebr veprimet e tij dhe e p\u00ebrshkroi sjelljen si &#8220;t\u00eb pap\u00ebrgjegjshme&#8221;.<\/p>\n<p>Ai tha se doli nga qeveria p\u00ebr t\u00eb shmangur d\u00ebmet e m\u00ebtejshme ndaj qeveris\u00eb.<\/p>\n<p>Nd\u00ebrkoh\u00eb skandali solli reagimin e menj\u00ebhersh\u00ebm popullor. Rreth pes\u00ebmij\u00eb protestues u mblodh\u00ebn p\u00ebrpara zyr\u00ebs s\u00eb kancelarit me pankarta n\u00eb duar ku shkruhej: &#8220;Zgjedhjet e parakohshme tani.&#8221;<\/p>\n<p>Skandali q\u00eb ka p\u00ebrfshir\u00eb Austrin\u00eb u p\u00ebrdor menj\u00ebher\u00eb nga udh\u00ebheq\u00ebsja konservatore gjermane, Annegret Kramp Karrenbauer, p\u00ebr t\u00eb kritikuar partit\u00eb e ekstremit t\u00eb djatht\u00eb.<\/p>\n<p>Kramp Karrenbauer, q\u00eb \u00ebsht\u00eb kryetarja e kristiandemokrat\u00ebve gjerman\u00eb dhe z\u00ebvend\u00ebsuese e mundshme e kancelares, Angela Merkel, tha se \u201cpartit\u00eb populiste t\u00eb ekstremit t\u00eb djatht\u00eb jan\u00eb t\u00eb gatshme t\u00eb shesin vendin e tyre p\u00ebr p\u00ebrfitime personale\u201d.<\/p>\n","protected":false},"excerpt":{"rendered":"<p>Austria \u00ebsht\u00eb p\u00ebrfshir\u00eb nga nj\u00eb skandal politik pasi zv.\/kancelari Kristan Strahe u filmua teksa i ofronte kontrate qeveritare nj\u00eb oligarkeje ruse. Skandali q\u00eb shp\u00ebrtheu n\u00eb prag t\u00eb zgjedhjeve europiane, nxiti kancelarin Sebastian Kurz t\u00eb shpall\u00eb zgjedhjet e parakohshme. Presidenti i vendit tha se zgjedhjet jan\u00eb t\u00eb nevojshme p\u00ebr t\u00eb rikthyer besimin e publikut. Austria \u00ebsht\u00eb [&hellip;]<\/p>\n","protected":false},"author":2013,"featured_media":84668,"comment_status":"open","ping_status":"closed","sticky":false,"template":"","format":"standard","meta":{"footnotes":""},"categories":[241,191],"tags":[],"class_list":{"0":"post-84667","1":"post","2":"type-post","3":"status-publish","4":"format-standard","5":"has-post-thumbnail","7":"category-aktualitet","8":"category-bota"},"_links":{"self":[{"href":"https:\/\/zjarr.tv\/sq\/wp-json\/wp\/v2\/posts\/84667","targetHints":{"allow":["GET"]}}],"collection":[{"href":"https:\/\/zjarr.tv\/sq\/wp-json\/wp\/v2\/posts"}],"about":[{"href":"https:\/\/zjarr.tv\/sq\/wp-json\/wp\/v2\/types\/post"}],"author":[{"embeddable":true,"href":"https:\/\/zjarr.tv\/sq\/wp-json\/wp\/v2\/users\/2013"}],"replies":[{"embeddable":true,"href":"https:\/\/zjarr.tv\/sq\/wp-json\/wp\/v2\/comments?post=84667"}],"version-history":[{"count":0,"href":"https:\/\/zjarr.tv\/sq\/wp-json\/wp\/v2\/posts\/84667\/revisions"}],"wp:featuredmedia":[{"embeddable":true,"href":"https:\/\/zjarr.tv\/sq\/wp-json\/wp\/v2\/media\/84668"}],"wp:attachment":[{"href":"https:\/\/zjarr.tv\/sq\/wp-json\/wp\/v2\/media?parent=84667"}],"wp:term":[{"taxonomy":"category","embeddable":true,"href":"https:\/\/zjarr.tv\/sq\/wp-json\/wp\/v2\/categories?post=84667"},{"taxonomy":"post_tag","embeddable":true,"href":"https:\/\/zjarr.tv\/sq\/wp-json\/wp\/v2\/tags?post=84667"}],"curies":[{"name":"wp","href":"https:\/\/api.w.org\/{rel}","templated":true}]}}