{"id":84697,"date":"2019-05-19T17:06:23","date_gmt":"2019-05-19T15:06:23","guid":{"rendered":"https:\/\/zjarr.tv\/?p=84697"},"modified":"2019-05-19T17:06:23","modified_gmt":"2019-05-19T15:06:23","slug":"26-vjecari-ne-vlore-qellon-me-thike-nenen-dhe-nje-person-tjeter","status":"publish","type":"post","link":"https:\/\/zjarr.tv\/sq\/26-vjecari-ne-vlore-qellon-me-thike-nenen-dhe-nje-person-tjeter\/","title":{"rendered":"26-vje\u00e7ari n\u00eb Vlor\u00eb, q\u00ebllon me thik\u00eb n\u00ebn\u00ebn dhe nj\u00eb person tjet\u00ebr"},"content":{"rendered":"<p>Nj\u00eb 26-vje\u00e7ar \u00ebsht\u00eb arrestuar nga Policia e Vlor\u00ebs pasi ka plagosur me thik\u00eb n\u00ebn\u00ebn e tij dhe nj\u00eb person tjet\u00ebr.<\/p>\n<p>I arrestuari \u00ebsht\u00eb 26-vje\u00e7ari me inicialet G.M., banues n\u00eb Vlor\u00eb.<\/p>\n<p>Sipas asaj q\u00eb njofton policia, ngjarja ka ndodhur p\u00ebr shkak t\u00eb gjendjes s\u00eb r\u00ebnduar psikologjike t\u00eb 26-vje\u00e7arit.<\/p>\n<p>Ai do t\u00eb hetohet nga Prokuroria e Vlor\u00ebs p\u00ebr veprat penale \u201cDhun\u00eb n\u00eb familje\u201d dhe \u201cPlagosje e leht\u00eb me dashje<\/p>\n<p>Nd\u00ebrkoh\u00eb nuk b\u00ebhet e ditur gj\u00ebndja sh\u00ebndet\u00ebsore e personave t\u00eb plagosur.<\/p>\n<p>&nbsp;<\/p>\n","protected":false},"excerpt":{"rendered":"<p>Nj\u00eb 26-vje\u00e7ar \u00ebsht\u00eb arrestuar nga Policia e Vlor\u00ebs pasi ka plagosur me thik\u00eb n\u00ebn\u00ebn e tij dhe nj\u00eb person tjet\u00ebr. I arrestuari \u00ebsht\u00eb 26-vje\u00e7ari me inicialet G.M., banues n\u00eb Vlor\u00eb. Sipas asaj q\u00eb njofton policia, ngjarja ka ndodhur p\u00ebr shkak t\u00eb gjendjes s\u00eb r\u00ebnduar psikologjike t\u00eb 26-vje\u00e7arit. Ai do t\u00eb hetohet nga Prokuroria e Vlor\u00ebs [&hellip;]<\/p>\n","protected":false},"author":2013,"featured_media":65862,"comment_status":"open","ping_status":"closed","sticky":false,"template":"","format":"standard","meta":{"footnotes":""},"categories":[241,235],"tags":[],"class_list":{"0":"post-84697","1":"post","2":"type-post","3":"status-publish","4":"format-standard","5":"has-post-thumbnail","7":"category-aktualitet","8":"category-vendi"},"_links":{"self":[{"href":"https:\/\/zjarr.tv\/sq\/wp-json\/wp\/v2\/posts\/84697","targetHints":{"allow":["GET"]}}],"collection":[{"href":"https:\/\/zjarr.tv\/sq\/wp-json\/wp\/v2\/posts"}],"about":[{"href":"https:\/\/zjarr.tv\/sq\/wp-json\/wp\/v2\/types\/post"}],"author":[{"embeddable":true,"href":"https:\/\/zjarr.tv\/sq\/wp-json\/wp\/v2\/users\/2013"}],"replies":[{"embeddable":true,"href":"https:\/\/zjarr.tv\/sq\/wp-json\/wp\/v2\/comments?post=84697"}],"version-history":[{"count":0,"href":"https:\/\/zjarr.tv\/sq\/wp-json\/wp\/v2\/posts\/84697\/revisions"}],"wp:featuredmedia":[{"embeddable":true,"href":"https:\/\/zjarr.tv\/sq\/wp-json\/wp\/v2\/media\/65862"}],"wp:attachment":[{"href":"https:\/\/zjarr.tv\/sq\/wp-json\/wp\/v2\/media?parent=84697"}],"wp:term":[{"taxonomy":"category","embeddable":true,"href":"https:\/\/zjarr.tv\/sq\/wp-json\/wp\/v2\/categories?post=84697"},{"taxonomy":"post_tag","embeddable":true,"href":"https:\/\/zjarr.tv\/sq\/wp-json\/wp\/v2\/tags?post=84697"}],"curies":[{"name":"wp","href":"https:\/\/api.w.org\/{rel}","templated":true}]}}