{"id":84717,"date":"2019-05-19T18:40:34","date_gmt":"2019-05-19T16:40:34","guid":{"rendered":"https:\/\/zjarr.tv\/?p=84717"},"modified":"2019-05-19T17:19:11","modified_gmt":"2019-05-19T15:19:11","slug":"gjermani-politikani-mysliman-kercenohet","status":"publish","type":"post","link":"https:\/\/zjarr.tv\/sq\/gjermani-politikani-mysliman-kercenohet\/","title":{"rendered":"Gjermani, politikani mysliman k\u00ebrc\u00ebnohet"},"content":{"rendered":"<p>Politikani gjermano-turk Haluk Y\u0131ld\u0131z tha sot se ka marr\u00eb letra t\u00eb shumta islamofobike dhe k\u00ebrc\u00ebnime me vdekje n\u00eb jav\u00ebt e fundit, p\u00ebrpara zgjedhjeve t\u00eb Parlamentit Europian (PE) m\u00eb 26 maj, raporton Anadolu Agency (AA).<\/p>\n<p>Haluk Y\u0131ld\u0131z, kreu i subjektit politik pro-imigrimit, Aleanc\u00ebs p\u00ebr Inovacion dhe Drejt\u00ebsi (BIG), tha se letrat jan\u00eb d\u00ebrguar nga persona t\u00eb panjohur dhe p\u00ebrfshinin fyerje dhe k\u00ebrc\u00ebnime ksenofobike.<\/p>\n<p>&#8220;N\u00eb nj\u00eb nga letrat ata thonin se e kemi kaluar vij\u00ebn. Pohonin se vet\u00ebm gjerman\u00ebt kan\u00eb t\u00eb drejt\u00eb fjale n\u00eb k\u00ebt\u00eb vend&#8221;, tha ai, duke shtuar se k\u00ebto k\u00ebrc\u00ebnime i marrin shum\u00eb seriozisht p\u00ebr shkak t\u00eb dhun\u00ebs s\u00eb shtuar neonaziste n\u00eb vitet e fundit.<\/p>\n<p>&#8220;Por, k\u00ebrc\u00ebnimet e tilla nuk do t\u00eb na pengojn\u00eb. Ne do ta vazhdojm\u00eb luft\u00ebn ton\u00eb politike k\u00ebtu&#8221;, tha ai.<\/p>\n<p>Y\u0131ld\u0131z \u00ebsht\u00eb kandidati kryesor i BIG, parti e vog\u00ebl e themeluar n\u00eb vitin 2010 nga nj\u00eb grup emigrant\u00ebsh n\u00eb Gjermani.<\/p>\n<p>Partia shpreson t\u00eb fitoj\u00eb nj\u00eb vend n\u00eb Parlamentin Europian p\u00ebr her\u00eb t\u00eb par\u00eb.<\/p>\n<p>&nbsp;<\/p>\n","protected":false},"excerpt":{"rendered":"<p>Politikani gjermano-turk Haluk Y\u0131ld\u0131z tha sot se ka marr\u00eb letra t\u00eb shumta islamofobike dhe k\u00ebrc\u00ebnime me vdekje n\u00eb jav\u00ebt e fundit, p\u00ebrpara zgjedhjeve t\u00eb Parlamentit Europian (PE) m\u00eb 26 maj, raporton Anadolu Agency (AA). Haluk Y\u0131ld\u0131z, kreu i subjektit politik pro-imigrimit, Aleanc\u00ebs p\u00ebr Inovacion dhe Drejt\u00ebsi (BIG), tha se letrat jan\u00eb d\u00ebrguar nga persona t\u00eb [&hellip;]<\/p>\n","protected":false},"author":2013,"featured_media":84718,"comment_status":"open","ping_status":"closed","sticky":false,"template":"","format":"standard","meta":{"footnotes":""},"categories":[241,191],"tags":[],"class_list":{"0":"post-84717","1":"post","2":"type-post","3":"status-publish","4":"format-standard","5":"has-post-thumbnail","7":"category-aktualitet","8":"category-bota"},"_links":{"self":[{"href":"https:\/\/zjarr.tv\/sq\/wp-json\/wp\/v2\/posts\/84717","targetHints":{"allow":["GET"]}}],"collection":[{"href":"https:\/\/zjarr.tv\/sq\/wp-json\/wp\/v2\/posts"}],"about":[{"href":"https:\/\/zjarr.tv\/sq\/wp-json\/wp\/v2\/types\/post"}],"author":[{"embeddable":true,"href":"https:\/\/zjarr.tv\/sq\/wp-json\/wp\/v2\/users\/2013"}],"replies":[{"embeddable":true,"href":"https:\/\/zjarr.tv\/sq\/wp-json\/wp\/v2\/comments?post=84717"}],"version-history":[{"count":0,"href":"https:\/\/zjarr.tv\/sq\/wp-json\/wp\/v2\/posts\/84717\/revisions"}],"wp:featuredmedia":[{"embeddable":true,"href":"https:\/\/zjarr.tv\/sq\/wp-json\/wp\/v2\/media\/84718"}],"wp:attachment":[{"href":"https:\/\/zjarr.tv\/sq\/wp-json\/wp\/v2\/media?parent=84717"}],"wp:term":[{"taxonomy":"category","embeddable":true,"href":"https:\/\/zjarr.tv\/sq\/wp-json\/wp\/v2\/categories?post=84717"},{"taxonomy":"post_tag","embeddable":true,"href":"https:\/\/zjarr.tv\/sq\/wp-json\/wp\/v2\/tags?post=84717"}],"curies":[{"name":"wp","href":"https:\/\/api.w.org\/{rel}","templated":true}]}}