{"id":84720,"date":"2019-05-19T18:30:39","date_gmt":"2019-05-19T16:30:39","guid":{"rendered":"https:\/\/zjarr.tv\/?p=84720"},"modified":"2019-05-19T17:21:13","modified_gmt":"2019-05-19T15:21:13","slug":"sherri-si-u-perplasen-fizikisht-zyrtaret-kosovare","status":"publish","type":"post","link":"https:\/\/zjarr.tv\/sq\/sherri-si-u-perplasen-fizikisht-zyrtaret-kosovare\/","title":{"rendered":"Sherri, si u p\u00ebrplas\u00ebn fizikisht zyrtar\u00ebt kosovar\u00eb"},"content":{"rendered":"<p>Nj\u00eb p\u00ebrleshje fizike ka ndodhur para pak \u00e7astesh mes zyrtar\u00ebve t\u00eb Lidhjes Demokratike t\u00eb Kosov\u00ebs n\u00eb qendr\u00ebn e saj kryesore n\u00eb Mitrovic\u00eb. Gazeta Express ka m\u00ebsuar se p\u00ebrkrah\u00ebsit e Safet Kamberit jan\u00eb nervozuar me zgjedhjet partiake n\u00eb k\u00ebt\u00eb komun\u00eb ku n\u00eb gar\u00eb \u00ebsht\u00eb edhe Faton Peci.<\/p>\n<p>Safet Kamberi tha p\u00ebr Express se nuk e di n\u00ebse aty ka pasur rrahje. Nd\u00ebrsa, Faton Peci tha se pak pak do t\u00eb flas\u00eb lidhur me k\u00ebt\u00eb incident. I kontaktuar p\u00ebr her\u00eb t\u00eb dyt\u00eb, Peci, tha se nuk ka qen\u00eb n\u00eb Kuvend, dhe porsa t\u00eb marr\u00eb informacion do t\u00eb jap prononcim.<\/p>\n<p>&nbsp;<\/p>\n","protected":false},"excerpt":{"rendered":"<p>Nj\u00eb p\u00ebrleshje fizike ka ndodhur para pak \u00e7astesh mes zyrtar\u00ebve t\u00eb Lidhjes Demokratike t\u00eb Kosov\u00ebs n\u00eb qendr\u00ebn e saj kryesore n\u00eb Mitrovic\u00eb. Gazeta Express ka m\u00ebsuar se p\u00ebrkrah\u00ebsit e Safet Kamberit jan\u00eb nervozuar me zgjedhjet partiake n\u00eb k\u00ebt\u00eb komun\u00eb ku n\u00eb gar\u00eb \u00ebsht\u00eb edhe Faton Peci. Safet Kamberi tha p\u00ebr Express se nuk e di [&hellip;]<\/p>\n","protected":false},"author":2013,"featured_media":84721,"comment_status":"open","ping_status":"closed","sticky":false,"template":"","format":"standard","meta":{"footnotes":""},"categories":[241,2],"tags":[],"class_list":{"0":"post-84720","1":"post","2":"type-post","3":"status-publish","4":"format-standard","5":"has-post-thumbnail","7":"category-aktualitet","8":"category-rajoni"},"_links":{"self":[{"href":"https:\/\/zjarr.tv\/sq\/wp-json\/wp\/v2\/posts\/84720","targetHints":{"allow":["GET"]}}],"collection":[{"href":"https:\/\/zjarr.tv\/sq\/wp-json\/wp\/v2\/posts"}],"about":[{"href":"https:\/\/zjarr.tv\/sq\/wp-json\/wp\/v2\/types\/post"}],"author":[{"embeddable":true,"href":"https:\/\/zjarr.tv\/sq\/wp-json\/wp\/v2\/users\/2013"}],"replies":[{"embeddable":true,"href":"https:\/\/zjarr.tv\/sq\/wp-json\/wp\/v2\/comments?post=84720"}],"version-history":[{"count":0,"href":"https:\/\/zjarr.tv\/sq\/wp-json\/wp\/v2\/posts\/84720\/revisions"}],"wp:featuredmedia":[{"embeddable":true,"href":"https:\/\/zjarr.tv\/sq\/wp-json\/wp\/v2\/media\/84721"}],"wp:attachment":[{"href":"https:\/\/zjarr.tv\/sq\/wp-json\/wp\/v2\/media?parent=84720"}],"wp:term":[{"taxonomy":"category","embeddable":true,"href":"https:\/\/zjarr.tv\/sq\/wp-json\/wp\/v2\/categories?post=84720"},{"taxonomy":"post_tag","embeddable":true,"href":"https:\/\/zjarr.tv\/sq\/wp-json\/wp\/v2\/tags?post=84720"}],"curies":[{"name":"wp","href":"https:\/\/api.w.org\/{rel}","templated":true}]}}