{"id":84723,"date":"2019-05-19T18:20:27","date_gmt":"2019-05-19T16:20:27","guid":{"rendered":"https:\/\/zjarr.tv\/?p=84723"},"modified":"2019-05-19T17:23:05","modified_gmt":"2019-05-19T15:23:05","slug":"sot-mbahen-zgjedhjet-ne-kater-komuna-te-kosoves","status":"publish","type":"post","link":"https:\/\/zjarr.tv\/sq\/sot-mbahen-zgjedhjet-ne-kater-komuna-te-kosoves\/","title":{"rendered":"Sot mbahen zgjedhjet n\u00eb kat\u00ebr komuna t\u00eb Kosov\u00ebs"},"content":{"rendered":"<p>N\u00eb kat\u00ebr komunat veriore t\u00eb Kosov\u00ebs, n\u00eb Mitrovic\u00ebn e Veriut, Leposaviq, Zve\u00e7an dhe Zubin Potok, sot po mbahen zgjedhjet e jasht\u00ebzakonshme p\u00ebr kryetar\u00ebt e k\u00ebtyre komunave.<\/p>\n<p>Komisioni Qendror i Zgjedhjeve ka njoftuar se t\u00eb gjitha vendvotimet jan\u00eb hapur me koh\u00eb dhe se votimi po zhvillohet n\u00eb rregull.<br \/>\nKryetarja e KQZ-s\u00eb, Valdete Daka tha se zgjedhjet po mbahen pa asnj\u00eb problem.<\/p>\n<p>\u201cDeri n\u00eb ora 11:00 t\u00eb drejt\u00ebn e vot\u00ebs e kan\u00eb shfryt\u00ebzuar 9.361 qytetar\u00eb m\u00eb t\u00eb drejt\u00eb vote nga 57.983 sa \u00ebsht\u00eb numri i p\u00ebrgjithsh\u00ebm i qytetar\u00ebve m\u00eb t\u00eb drejt\u00eb vote n\u00eb k\u00ebto kat\u00ebr komuna\u201d, tha Daka gjat\u00eb nj\u00eb konference p\u00ebr media.<br \/>\nN\u00eb zgjedhjet p\u00ebr kryetar\u00eb t\u00eb k\u00ebtyre komunave jan\u00eb kandidat\u00ebt nga Lista Serbe, Partia Demokratike e Kosov\u00ebs dhe L\u00ebvizja Vet\u00ebvendosje.<br \/>\nBazuar n\u00eb renditjen e KQZ-s\u00eb, n\u00eb gar\u00eb p\u00ebr kryetar t\u00eb Leposaviqit jan\u00eb Fisnik Veseli nga L\u00ebvizja Vet\u00ebvendosje, Shaqir Hetemi nga Partia Demokratike e Kosov\u00ebs dhe Zoran Todiq nga Lista Serbe. N\u00eb Zubin Potok garojn\u00eb Liridona Kahrimani nga L\u00ebvizja Vet\u00ebvendosje, Hysen Mehmeti nga Partia Demokratike e Kosov\u00ebs dhe S\u00ebrxhan Vulloviq nga Lista Serbe.<br \/>\nN\u00eb Zve\u00e7an, p\u00ebr kryetarin e k\u00ebsaj komune garojn\u00eb, Avdi Peci nga L\u00ebvizja Vet\u00ebvendosje, Ilir Peci nga Partia Demokratike e Kosov\u00ebs dhe Vu\u00e7ina Jankoviq nga Lista Serbe. Kurse, n\u00eb Mitrovic\u00ebn e Veriut garojn\u00eb, Erden Atiq nga L\u00ebvizja Vet\u00ebvendosje, Gonxhe \u00c7aushi nga Partia Demokratike e Kosov\u00ebs dhe Goran Rakiq nga Lista Serbe.<\/p>\n<p>Presidenti i Kosoves, Hashim Tha\u00e7i i ka p\u00ebrg\u00ebzuar subjektet politike dhe qytetar\u00ebt n\u00eb komunat veriore p\u00ebr, si\u00e7 ka th\u00ebn\u00eb ai, fushat\u00ebn e qet\u00eb zgjedhore dhe ka uruar q\u00eb t\u00eb ket\u00eb nj\u00eb proces t\u00eb rregullt zgjedhor. \u201cKosova ka nd\u00ebrtuar tradit\u00eb t\u00eb zgjedhjeve t\u00eb suksesshme. Zgjedhjet n\u00eb kat\u00ebr komunat veriore t\u00eb Kosov\u00ebs po mbahen sipas ligjeve t\u00eb Republik\u00ebs s\u00eb Kosov\u00ebs dhe jan\u00eb n\u00eb sh\u00ebrbim t\u00eb integrimit sa m\u00eb t\u00eb mir\u00eb t\u00eb t\u00eb gjitha komuniteteve n\u00eb institucionet e Kosov\u00ebs. Kandidat\u00ebve p\u00ebr kryetar\u00eb u uroj suksese dhe i ftoj q\u00eb t\u00eb vazhdojn\u00eb t\u00eb punojn\u00eb p\u00ebr p\u00ebrmir\u00ebsimin e jet\u00ebs s\u00eb qytetar\u00ebve n\u00eb komunat e tyre\u201d, ka shkruar Tha\u00e7i n\u00eb Facebook.<\/p>\n<p>Komisioni Qendror i Zgjedhjeve ka njoftuar se n\u00eb dit\u00ebn e votimit do t\u00eb hapen 44 qendra t\u00eb votimit me gjithsej 87 vendvotime. Jan\u00eb 12 kandidat\u00eb n\u00eb gar\u00eb p\u00ebr kryetar n\u00eb k\u00ebto komuna, nga tre kandidat p\u00ebr secil\u00ebn komun\u00eb. N\u00eb kat\u00ebr komunat ku do t\u00eb mbahen zgjedhjet, t\u00eb drejt\u00eb vote kan\u00eb 57 mij\u00eb e 938 votues.<\/p>\n<p>N\u00eb Leposaviq, t\u00eb drejt\u00eb vote kan\u00eb 18.164 persona, n\u00eb Zubin Potok 8.535, n\u00eb Zve\u00e7an 9.229 votues dhe n\u00eb Mitrovic\u00ebn e Veriut 22.055 persona m\u00eb t\u00eb drejt\u00eb vote.<br \/>\nLista votuese \u00ebsht\u00eb bazuar n\u00eb ekstraktin e Regjistrit Qendror Civil, i cili p\u00ebrpilohet nga Agjencia e Regjistrimit Civil.<br \/>\nKomisioni Qendror i Zgjedhjeve ka akredituar 464 v\u00ebzhgues t\u00eb zgjedhjeve t\u00eb cil\u00ebt p\u00ebrfaq\u00ebsojn\u00eb dy parti politike, dy misione nd\u00ebrkomb\u00ebtare, nj\u00eb nga Komisioni Evropian, dy misione diplomatike, 12 ambasada, nj\u00eb organizat\u00eb joqeveritare nd\u00ebrkomb\u00ebtare, kat\u00ebr organizata joqeveritare vendore dhe 15 media.<br \/>\nZgjedhjet n\u00eb veri po v\u00ebzhgohen edhe nga koalicioni i organizatave joqeveritare Demokracia n\u00eb Veprim (DnV).<br \/>\n\u201cSipas t\u00eb dh\u00ebnave t\u00eb terrenit, t\u00eb gjitha vendvotimet jan\u00eb hapur me koh\u00eb. N\u00eb 68 p\u00ebr qind t\u00eb qendrave t\u00eb votimit \u00ebsht\u00eb raportuar p\u00ebr prezenc\u00eb t\u00eb zyrtar\u00ebve policor. V\u00ebzhguesit e DnV-s\u00eb kan\u00eb raportuar p\u00ebr prani t\u00eb materialit propagandues t\u00eb subjekteve politike brenda diametrit prej 100 metra t\u00eb Qendr\u00ebs s\u00eb Votimit, n\u00eb vet\u00ebm nj\u00eb qend\u00ebr votimi, n\u00eb Leposaviq\u201d, thuhet n\u00eb njoftimet e para t\u00eb k\u00ebtij koalicioni.<br \/>\nP\u00ebrfaq\u00ebsuesja e Bashkimit Evropian n\u00eb Kosov\u00eb, Nataliya Apostolova ka k\u00ebrkuar q\u00eb zgjedhjet t\u00eb jen\u00eb transparente, gjith\u00ebp\u00ebrfshir\u00ebse dhe t\u00eb besueshme.<br \/>\n\u201cBE-ja pret q\u00eb t\u00eb gjith\u00eb aktor\u00ebt e p\u00ebrfshir\u00eb n\u00eb zgjedhjet e jasht\u00ebzakonshme p\u00ebr kryetar\u00eb n\u00eb kat\u00ebr komunat n\u00eb veri t\u00eb Kosov\u00ebs t\u00eb respektojn\u00eb integritetin e procesit zgjedhor. BE-ja thekson r\u00ebnd\u00ebsin\u00eb e respektimit dhe zbatimit t\u00eb rekomandimeve t\u00eb Misionit V\u00ebzhgues t\u00eb BE-s\u00eb nga zgjedhjet e kaluara\u201d, ka theksuar Apostolova.<br \/>\nKryetar\u00ebt e komunave veriore: Zubin Potok, Zve\u00e7an, Mitrovic\u00eb e Veriut dhe Leposaviq, m\u00eb 26 n\u00ebntor t\u00eb vitit t\u00eb kaluar dhan\u00eb dor\u00ebheqje, n\u00eb shenj\u00eb pak\u00ebnaq\u00ebsie ndaj vendosjes s\u00eb taks\u00ebs doganore prej 100 p\u00ebr qind nga Qeveria e Kosov\u00ebs p\u00ebr importet nga Serbia.<br \/>\nM\u00eb von\u00eb, presidenti i Kosov\u00ebs, Hashim Tha\u00e7i, caktoi dat\u00ebn 19 maj p\u00ebr mbajtjen e zgjedhjeve t\u00eb jasht\u00ebzakonshme n\u00eb kat\u00ebr komunat veriore.<\/p>\n<p>&nbsp;<\/p>\n","protected":false},"excerpt":{"rendered":"<p>N\u00eb kat\u00ebr komunat veriore t\u00eb Kosov\u00ebs, n\u00eb Mitrovic\u00ebn e Veriut, Leposaviq, Zve\u00e7an dhe Zubin Potok, sot po mbahen zgjedhjet e jasht\u00ebzakonshme p\u00ebr kryetar\u00ebt e k\u00ebtyre komunave. Komisioni Qendror i Zgjedhjeve ka njoftuar se t\u00eb gjitha vendvotimet jan\u00eb hapur me koh\u00eb dhe se votimi po zhvillohet n\u00eb rregull. Kryetarja e KQZ-s\u00eb, Valdete Daka tha se zgjedhjet [&hellip;]<\/p>\n","protected":false},"author":2013,"featured_media":36854,"comment_status":"open","ping_status":"closed","sticky":false,"template":"","format":"standard","meta":{"footnotes":""},"categories":[241,2],"tags":[],"class_list":{"0":"post-84723","1":"post","2":"type-post","3":"status-publish","4":"format-standard","5":"has-post-thumbnail","7":"category-aktualitet","8":"category-rajoni"},"_links":{"self":[{"href":"https:\/\/zjarr.tv\/sq\/wp-json\/wp\/v2\/posts\/84723","targetHints":{"allow":["GET"]}}],"collection":[{"href":"https:\/\/zjarr.tv\/sq\/wp-json\/wp\/v2\/posts"}],"about":[{"href":"https:\/\/zjarr.tv\/sq\/wp-json\/wp\/v2\/types\/post"}],"author":[{"embeddable":true,"href":"https:\/\/zjarr.tv\/sq\/wp-json\/wp\/v2\/users\/2013"}],"replies":[{"embeddable":true,"href":"https:\/\/zjarr.tv\/sq\/wp-json\/wp\/v2\/comments?post=84723"}],"version-history":[{"count":0,"href":"https:\/\/zjarr.tv\/sq\/wp-json\/wp\/v2\/posts\/84723\/revisions"}],"wp:featuredmedia":[{"embeddable":true,"href":"https:\/\/zjarr.tv\/sq\/wp-json\/wp\/v2\/media\/36854"}],"wp:attachment":[{"href":"https:\/\/zjarr.tv\/sq\/wp-json\/wp\/v2\/media?parent=84723"}],"wp:term":[{"taxonomy":"category","embeddable":true,"href":"https:\/\/zjarr.tv\/sq\/wp-json\/wp\/v2\/categories?post=84723"},{"taxonomy":"post_tag","embeddable":true,"href":"https:\/\/zjarr.tv\/sq\/wp-json\/wp\/v2\/tags?post=84723"}],"curies":[{"name":"wp","href":"https:\/\/api.w.org\/{rel}","templated":true}]}}