{"id":84728,"date":"2019-05-19T17:27:28","date_gmt":"2019-05-19T15:27:28","guid":{"rendered":"https:\/\/zjarr.tv\/?p=84728"},"modified":"2019-05-19T17:27:28","modified_gmt":"2019-05-19T15:27:28","slug":"rudina-hajdari-kunder-gjinushit-partia-nuk-kursen-as-shkencen","status":"publish","type":"post","link":"https:\/\/zjarr.tv\/sq\/rudina-hajdari-kunder-gjinushit-partia-nuk-kursen-as-shkencen\/","title":{"rendered":"Rudina Hajdari kund\u00ebr Gjinushit: Partia nuk kursen as shkenc\u00ebn"},"content":{"rendered":"<p>Deputetja Rudina Hajdari p\u00ebrmes nj\u00eb postimi n\u00eb Facebook, ka sulmuar ashp\u00ebr Sk\u00ebnder Gjinushit,i cili \u00ebsht\u00eb edhe\u00a0kandidat p\u00ebr kreun e Akademis\u00eb s\u00eb Shkencave. Zgjidhjen e tij, Hajdari e ka cil\u00ebsuar si nj\u00eb akt t\u00eb qeveris\u00eb p\u00ebr t\u00eb zaptuar \u00e7do institucion.<\/p>\n<p>Hajdari, n\u00eb postim shprehet se i vjen keq p\u00ebr akademikun Artan Fuga, nd\u00ebrsa Akademin\u00eb e cil\u00ebson me stil \u2018ala monist\u2019 me persona t\u00eb dal\u00eb boje dhe t\u00eb mbushur me mosh\u00ebn e tret\u00eb.<\/p>\n<p>Akademia e prostatit!<\/p>\n<p>Zgjedhja e Gjin-ushit n\u00eb krye t\u00eb Akademis\u00eb s\u00eb Shkencave, v\u00ebrteton m\u00eb s\u00eb miri se partia nuk kursen as institucionet shkencore p\u00ebr t\u00eb p\u00ebrmbushur delirin e pafund\u00ebm p\u00ebr pushtet.<\/p>\n<p>Nuk ka se si t\u00eb ndodh\u00eb ndryshe, revanshi i delirit p\u00ebr pushtet do t\u00eb p\u00ebrmbyt\u00eb gjith\u00e7ka edhe institucionet shkencore.<\/p>\n<p>Padyshim, q\u00eb ato do t\u00eb duhen, q\u00eb n\u00eb kushtet e gremisjes s\u00eb madhe t\u00eb qeveris\u00eb, t\u00eb sh\u00ebrbejn\u00eb me p\u00ebrunj\u00ebsi, p\u00ebr t\u00eb \u201cpohuar shkenc\u00ebrisht\u201d meritat e qeveris\u00eb delirmadhe.<\/p>\n<p>Kudo em\u00ebrohen militant\u00eb dhe t\u00eb bindur, q\u00eb shkojn\u00eb \u201cush\u201d, me urdh\u00ebr dhe zbatojn\u00eb verb\u00ebrisht, ato q\u00eb sheh n\u00eb \u00ebnder shefi.<\/p>\n<p>M\u00eb vjen keq p\u00ebr akademik A.Fug\u00ebn, q\u00eb p\u00ebrpiqet t\u00eb p\u00ebrqas\u00eb metodogji ala postmoderniste t\u00eb modelit francez, n\u00eb nj\u00eb akademi t\u00eb stilit \u201cala monist\u201d t\u00eb vjet\u00ebruar, me persona t\u00eb dal\u00eb boje, t\u00eb mbushur me mosh\u00ebn e tret\u00eb, q\u00eb e kan\u00eb kthyer akademin\u00eb ton\u00eb n\u00eb variantin qesharak t\u00eb \u201cakademis\u00eb s\u00eb prostatit\u201d.<\/p>\n<p>&nbsp;<\/p>\n<p>&nbsp;<\/p>\n","protected":false},"excerpt":{"rendered":"<p>Deputetja Rudina Hajdari p\u00ebrmes nj\u00eb postimi n\u00eb Facebook, ka sulmuar ashp\u00ebr Sk\u00ebnder Gjinushit,i cili \u00ebsht\u00eb edhe\u00a0kandidat p\u00ebr kreun e Akademis\u00eb s\u00eb Shkencave. Zgjidhjen e tij, Hajdari e ka cil\u00ebsuar si nj\u00eb akt t\u00eb qeveris\u00eb p\u00ebr t\u00eb zaptuar \u00e7do institucion. Hajdari, n\u00eb postim shprehet se i vjen keq p\u00ebr akademikun Artan Fuga, nd\u00ebrsa Akademin\u00eb e cil\u00ebson [&hellip;]<\/p>\n","protected":false},"author":2013,"featured_media":54116,"comment_status":"open","ping_status":"closed","sticky":false,"template":"","format":"standard","meta":{"footnotes":""},"categories":[241,235],"tags":[],"class_list":{"0":"post-84728","1":"post","2":"type-post","3":"status-publish","4":"format-standard","5":"has-post-thumbnail","7":"category-aktualitet","8":"category-vendi"},"_links":{"self":[{"href":"https:\/\/zjarr.tv\/sq\/wp-json\/wp\/v2\/posts\/84728","targetHints":{"allow":["GET"]}}],"collection":[{"href":"https:\/\/zjarr.tv\/sq\/wp-json\/wp\/v2\/posts"}],"about":[{"href":"https:\/\/zjarr.tv\/sq\/wp-json\/wp\/v2\/types\/post"}],"author":[{"embeddable":true,"href":"https:\/\/zjarr.tv\/sq\/wp-json\/wp\/v2\/users\/2013"}],"replies":[{"embeddable":true,"href":"https:\/\/zjarr.tv\/sq\/wp-json\/wp\/v2\/comments?post=84728"}],"version-history":[{"count":0,"href":"https:\/\/zjarr.tv\/sq\/wp-json\/wp\/v2\/posts\/84728\/revisions"}],"wp:featuredmedia":[{"embeddable":true,"href":"https:\/\/zjarr.tv\/sq\/wp-json\/wp\/v2\/media\/54116"}],"wp:attachment":[{"href":"https:\/\/zjarr.tv\/sq\/wp-json\/wp\/v2\/media?parent=84728"}],"wp:term":[{"taxonomy":"category","embeddable":true,"href":"https:\/\/zjarr.tv\/sq\/wp-json\/wp\/v2\/categories?post=84728"},{"taxonomy":"post_tag","embeddable":true,"href":"https:\/\/zjarr.tv\/sq\/wp-json\/wp\/v2\/tags?post=84728"}],"curies":[{"name":"wp","href":"https:\/\/api.w.org\/{rel}","templated":true}]}}