{"id":84730,"date":"2019-05-19T18:10:37","date_gmt":"2019-05-19T16:10:37","guid":{"rendered":"https:\/\/zjarr.tv\/?p=84730"},"modified":"2019-05-19T17:30:35","modified_gmt":"2019-05-19T15:30:35","slug":"zaev-dhe-vucic-perurojne-rrugen-e-re-nga-shkupi-ne-beograd-per-3-ore-e-gjysme","status":"publish","type":"post","link":"https:\/\/zjarr.tv\/sq\/zaev-dhe-vucic-perurojne-rrugen-e-re-nga-shkupi-ne-beograd-per-3-ore-e-gjysme\/","title":{"rendered":"Zaev dhe Vu\u00e7i\u00e7, p\u00ebrurojn\u00eb rrug\u00ebn e re, nga Shkupi n\u00eb Beograd p\u00ebr 3 or\u00eb e gjysm\u00eb"},"content":{"rendered":"<p>Prej mbr\u00ebmjes s\u00eb t\u00eb shtun\u00ebs, qytetar\u00ebt e Shkupit dhe Beogradit mund ta p\u00ebrshkojn\u00eb distanc\u00ebn mes dy kryeqyteteve p\u00ebr vet\u00ebm 3 or\u00eb e gjysm\u00eb, nd\u00ebrsa nga Tabanovci deri n\u00eb Horgos p\u00ebr rreth pes\u00eb or\u00eb.<\/p>\n<p>N\u00eb p\u00ebrurimin e aksit jugor t\u00eb autostrad\u00ebs t\u00eb Korridorit 10 ishin t\u00eb pranish\u00ebm, presidenti i Serbis\u00eb, Aleksand\u00ebr Vu\u00e7i\u00e7, kryeministrja Ana B\u00ebrnabi\u00e7 dhe ministrja e Nd\u00ebrtimtaris\u00eb, Transportit dhe Infrastruktur\u00ebs, Zorana Mihajlovi\u00e7, kryesuesi i Presidenc\u00ebs s\u00eb Bosnje e Hercegovin\u00ebs, Milorad Dodik dhe kryeministri i Maqedonis\u00eb s\u00eb Veriut, Zoran Zaev.<\/p>\n<p>\u201cP\u00ebr autostrad\u00ebn e Korridorit 10 \u00ebsht\u00eb pritur \u00a0t\u00eb pakt\u00ebn 30 vjet \u00a0dhe tani ajo ka p\u00ebrfunduar. N\u00eb pyetje ishte nd\u00ebrtimi m\u00eb i v\u00ebshtir\u00eb n\u00eb Evrop\u00eb, n\u00eb aksin rrugor prej 26.3 kilometra\u201d, tha Mihajlovi\u00e7.<\/p>\n<p>Edhe Presidenti Vu\u00e7i\u00e7 tha se\u00a0&#8220;kjo \u00ebsht\u00eb nj\u00eb dit\u00eb e mrekullueshme p\u00ebr ne. P\u00ebrg\u00ebzoj t\u00eb gjith\u00eb ata q\u00eb vitet e fundit kan\u00eb b\u00ebr\u00eb p\u00ebrpjekje t\u00eb jasht\u00ebzakonshmep\u00ebr t\u00eb kap\u00ebrcyer natyr\u00ebn dhe t\u00eb gjitha pengesat n\u00eb Gryk\u00ebn e G\u00ebrdelic\u00ebs p\u00ebr t\u00eb nd\u00ebrtuar nj\u00eb rrug\u00eb unike q\u00eb \u00ebsht\u00eb me vler\u00eb t\u00eb ve\u00e7ant\u00eb dhe t\u00eb pa\u00e7mueshme. Autostrada, mbi t\u00eb gjitha, do t\u00eb ket\u00eb nj\u00eb r\u00ebnd\u00ebsi t\u00eb madhe p\u00ebr zhvillimin e rajonit, p\u00ebr investime t\u00eb reja, p\u00ebr hapjen e fabrikave t\u00eb reja dhe p\u00ebr pun\u00ebsim. Askush nuk mund t\u00eb m\u00eb bind\u00eb se rrug\u00ebt tona jan\u00eb m\u00eb t\u00eb k\u00ebqija se ato n\u00eb Gjermani dhe Zvic\u00ebr&#8221;.<\/p>\n<p>Kryeministri maqedonas nga ana tjet\u00ebr \u00a0theksoi se kur punohet me cil\u00ebsi dhe me p\u00ebrkushtim, rezultatet jan\u00eb evidente.<\/p>\n<p>\u201cK\u00ebshtu \u00ebsht\u00eb kur punon me zell dhe p\u00ebrkushtim, rezultatet jan\u00eb evidente. Nga Shkupi n\u00eb Beograd tani do t\u00eb udh\u00ebtojm\u00eb n\u00eb tre or\u00eb e gjysm\u00eb. Autostrada ka r\u00ebnd\u00ebsi t\u00eb madhe jo vet\u00ebm p\u00ebr Serbin\u00eb por edhe p\u00ebr Maqedonin\u00eb Veriore dhe t\u00eb gjith\u00eb rajonin. Zvog\u00eblimi i distanc\u00ebs fizike \u00ebsht\u00eb e duhura p\u00ebr miq\u00ebsin\u00eb dhe af\u00ebrsin\u00eb nd\u00ebrmjet dy komb\u00ebsive q\u00eb e bartin thell\u00eb n\u00eb zemrat e tyre. Korridorit 10 tash i ngjan\u00eb vlera, lidhja dhe komunikimi evropian. E sjellim Evrop\u00ebn k\u00ebtu n\u00eb Ballkan\u201d, tha Zaev.<\/p>\n<p>N\u00eb aksin p\u00ebrmes Gryk\u00ebs s\u00eb G\u00ebrdelic\u00ebs t\u00eb gjat\u00eb 26,3 kilometra, udh\u00ebtar\u00ebt nga Maqedonia e Veriut dhe Serbia do t\u00eb ken\u00eb mund\u00ebsi t\u00eb kalojn\u00eb n\u00ebp\u00ebr dy tunele t\u00eb reja dhe 33 ura.<\/p>\n<p>Korridori 10 \u00ebsht\u00eb nj\u00eb nga korridoret m\u00eb t\u00eb r\u00ebnd\u00ebsishme transportuese pan-evropiane q\u00eb kalojn\u00eb n\u00ebp\u00ebr Serbi dhe i lidh Austrin\u00eb, Hungarin\u00eb, Sllvenin\u00eb, Kroacin\u00eb, Serbin\u00eb, Bullgarin\u00eb, Maqedonin\u00eb e Veriut dhe Greqin\u00eb.<\/p>\n<p>Vlera e aksit jugor t\u00eb Korridorit 10 \u00ebsht\u00eb 350 milion euro, fonde q\u00eb kryesisht ofrohen me kredi nga Banka Bot\u00ebrore dhe Banka Europiane e Investimeve.<\/p>\n<p>Serbia nj\u00ebkoh\u00ebsisht nd\u00ebrton pjes\u00ebn lindore t\u00eb Korridorit 10 n\u00eb Bullgari, pran\u00eb Dimitrovgrad, e cila sipas njoftimeve do t\u00eb jet\u00eb gati deri n\u00eb vjesht\u00eb.<\/p>\n<p>&nbsp;<\/p>\n","protected":false},"excerpt":{"rendered":"<p>Prej mbr\u00ebmjes s\u00eb t\u00eb shtun\u00ebs, qytetar\u00ebt e Shkupit dhe Beogradit mund ta p\u00ebrshkojn\u00eb distanc\u00ebn mes dy kryeqyteteve p\u00ebr vet\u00ebm 3 or\u00eb e gjysm\u00eb, nd\u00ebrsa nga Tabanovci deri n\u00eb Horgos p\u00ebr rreth pes\u00eb or\u00eb. N\u00eb p\u00ebrurimin e aksit jugor t\u00eb autostrad\u00ebs t\u00eb Korridorit 10 ishin t\u00eb pranish\u00ebm, presidenti i Serbis\u00eb, Aleksand\u00ebr Vu\u00e7i\u00e7, kryeministrja Ana B\u00ebrnabi\u00e7 dhe [&hellip;]<\/p>\n","protected":false},"author":2013,"featured_media":84731,"comment_status":"open","ping_status":"closed","sticky":false,"template":"","format":"standard","meta":{"footnotes":""},"categories":[241,2],"tags":[],"class_list":{"0":"post-84730","1":"post","2":"type-post","3":"status-publish","4":"format-standard","5":"has-post-thumbnail","7":"category-aktualitet","8":"category-rajoni"},"_links":{"self":[{"href":"https:\/\/zjarr.tv\/sq\/wp-json\/wp\/v2\/posts\/84730","targetHints":{"allow":["GET"]}}],"collection":[{"href":"https:\/\/zjarr.tv\/sq\/wp-json\/wp\/v2\/posts"}],"about":[{"href":"https:\/\/zjarr.tv\/sq\/wp-json\/wp\/v2\/types\/post"}],"author":[{"embeddable":true,"href":"https:\/\/zjarr.tv\/sq\/wp-json\/wp\/v2\/users\/2013"}],"replies":[{"embeddable":true,"href":"https:\/\/zjarr.tv\/sq\/wp-json\/wp\/v2\/comments?post=84730"}],"version-history":[{"count":0,"href":"https:\/\/zjarr.tv\/sq\/wp-json\/wp\/v2\/posts\/84730\/revisions"}],"wp:featuredmedia":[{"embeddable":true,"href":"https:\/\/zjarr.tv\/sq\/wp-json\/wp\/v2\/media\/84731"}],"wp:attachment":[{"href":"https:\/\/zjarr.tv\/sq\/wp-json\/wp\/v2\/media?parent=84730"}],"wp:term":[{"taxonomy":"category","embeddable":true,"href":"https:\/\/zjarr.tv\/sq\/wp-json\/wp\/v2\/categories?post=84730"},{"taxonomy":"post_tag","embeddable":true,"href":"https:\/\/zjarr.tv\/sq\/wp-json\/wp\/v2\/tags?post=84730"}],"curies":[{"name":"wp","href":"https:\/\/api.w.org\/{rel}","templated":true}]}}