{"id":84733,"date":"2019-05-19T17:32:08","date_gmt":"2019-05-19T15:32:08","guid":{"rendered":"https:\/\/zjarr.tv\/?p=84733"},"modified":"2019-05-19T17:32:08","modified_gmt":"2019-05-19T15:32:08","slug":"reali-e-mbyll-sezonin-me-turp-ja-cfare-thote-zinedine-zidane","status":"publish","type":"post","link":"https:\/\/zjarr.tv\/sq\/reali-e-mbyll-sezonin-me-turp-ja-cfare-thote-zinedine-zidane\/","title":{"rendered":"Reali e mbyll sezonin me turp, ja \u00e7far\u00eb thot\u00eb Zinedine Zidane"},"content":{"rendered":"<p>Pas humbjes n\u00eb sht\u00ebpi ndaj Real Betis, n\u00eb sfid\u00ebn e fundit t\u00eb La Lig\u00ebs, Reali e mbylli me turp sezonin, duke regjistruar plot 12 humbje k\u00ebt\u00eb edicion.<\/p>\n<p>P\u00ebr mediat, foli trajneri Zinedine Zidane, p\u00ebr t\u00eb cilin ky sezon p\u00ebrfundoi p\u00ebr fat t\u00eb mir\u00eb dhe tani nis puna p\u00ebr t\u00eb menduar p\u00ebr t\u00eb ardhmen.<\/p>\n<p>Nuk \u00ebsht\u00eb puna se nuk duam t\u00eb fitojm\u00eb dhe t\u00eb b\u00ebjm\u00eb mir\u00eb, thjesht nuk kemi mund\u00ebsi. M\u00eb e mira \u00ebsht\u00eb se tani ky sezon mbaroi. Po mendojm\u00eb p\u00ebr t\u00eb ardhmen. \u00cbsht\u00eb e v\u00ebshtir\u00eb edhe kur p\u00ebrpiqesh, por nuk mund t\u00eb b\u00ebnim dot m\u00eb shum\u00eb. Duhet ta pranojm\u00eb m\u00ebnyr\u00ebn si shkoi ky sezon, dhe nuk duhet ta harrojm\u00eb, p\u00ebr nj\u00eb t\u00eb ardhme m\u00eb t\u00eb mir\u00eb\u201d, deklaroi Zidane<em>.<\/em><\/p>\n<p>&nbsp;<\/p>\n","protected":false},"excerpt":{"rendered":"<p>Pas humbjes n\u00eb sht\u00ebpi ndaj Real Betis, n\u00eb sfid\u00ebn e fundit t\u00eb La Lig\u00ebs, Reali e mbylli me turp sezonin, duke regjistruar plot 12 humbje k\u00ebt\u00eb edicion. P\u00ebr mediat, foli trajneri Zinedine Zidane, p\u00ebr t\u00eb cilin ky sezon p\u00ebrfundoi p\u00ebr fat t\u00eb mir\u00eb dhe tani nis puna p\u00ebr t\u00eb menduar p\u00ebr t\u00eb ardhmen. Nuk \u00ebsht\u00eb [&hellip;]<\/p>\n","protected":false},"author":2013,"featured_media":0,"comment_status":"open","ping_status":"closed","sticky":false,"template":"","format":"standard","meta":{"footnotes":""},"categories":[241,192],"tags":[],"class_list":{"0":"post-84733","1":"post","2":"type-post","3":"status-publish","4":"format-standard","6":"category-aktualitet","7":"category-sport"},"_links":{"self":[{"href":"https:\/\/zjarr.tv\/sq\/wp-json\/wp\/v2\/posts\/84733","targetHints":{"allow":["GET"]}}],"collection":[{"href":"https:\/\/zjarr.tv\/sq\/wp-json\/wp\/v2\/posts"}],"about":[{"href":"https:\/\/zjarr.tv\/sq\/wp-json\/wp\/v2\/types\/post"}],"author":[{"embeddable":true,"href":"https:\/\/zjarr.tv\/sq\/wp-json\/wp\/v2\/users\/2013"}],"replies":[{"embeddable":true,"href":"https:\/\/zjarr.tv\/sq\/wp-json\/wp\/v2\/comments?post=84733"}],"version-history":[{"count":0,"href":"https:\/\/zjarr.tv\/sq\/wp-json\/wp\/v2\/posts\/84733\/revisions"}],"wp:attachment":[{"href":"https:\/\/zjarr.tv\/sq\/wp-json\/wp\/v2\/media?parent=84733"}],"wp:term":[{"taxonomy":"category","embeddable":true,"href":"https:\/\/zjarr.tv\/sq\/wp-json\/wp\/v2\/categories?post=84733"},{"taxonomy":"post_tag","embeddable":true,"href":"https:\/\/zjarr.tv\/sq\/wp-json\/wp\/v2\/tags?post=84733"}],"curies":[{"name":"wp","href":"https:\/\/api.w.org\/{rel}","templated":true}]}}