{"id":86174,"date":"2019-05-27T21:10:35","date_gmt":"2019-05-27T19:10:35","guid":{"rendered":"https:\/\/zjarr.tv\/?p=86174"},"modified":"2019-05-27T17:18:32","modified_gmt":"2019-05-27T15:18:32","slug":"cpo-ndodh-ne-siri-shefi-i-ibdil-del-kunder-bashar-al-asad","status":"publish","type":"post","link":"https:\/\/zjarr.tv\/sq\/cpo-ndodh-ne-siri-shefi-i-ibdil-del-kunder-bashar-al-asad\/","title":{"rendered":"\u00c7\u2019po ndodh n\u00eb Siri? Shefi i Ibdil del kund\u00ebr Bashar Al Asad"},"content":{"rendered":"<p>Forcat qeveritare siriane, mb\u00ebshtetur nga Rusia, do t\u00eb mund t\u00eb p\u00ebrparojn\u00eb deri n\u00eb kufirin turk n\u00ebse shp\u00ebrthejn\u00eb mbrojtjet rebele n\u00eb veriper\u00ebndim, tha nj\u00eb zyrtar i lart\u00eb i opozit\u00ebs, duke i b\u00ebr\u00eb thirrje Turqis\u00eb t\u00eb b\u00ebj\u00eb m\u00eb shum\u00eb p\u00ebr t\u00eb mbrojtur zon\u00ebn nga nj\u00eb sulm i madh.<\/p>\n<p>Sulmi nj\u00ebmujor \u00ebsht\u00eb shkall\u00ebzimi m\u00eb serioz i luft\u00ebs midis presidentit Bashar al-Assad dhe armiqve t\u00eb tij q\u00eb nga vera e kaluar. Sulmet ajrore t\u00eb qeveris\u00eb siriane dhe bombat me fu\u00e7i t\u00eb mb\u00ebshtetura nga fuqia ajrore ruse kan\u00eb shkaktuar rreth 250,000 njer\u00ebz n\u00eb bastionin e fundit t\u00eb r\u00ebnd\u00ebsish\u00ebm t\u00eb kontrolluar nga rebel\u00ebt.<\/p>\n<p>Fa\u00ebaz Hilal, kreu i \u201cQeveris\u00eb s\u00eb Shp\u00ebtimit\u201d q\u00eb drejton provinc\u00ebn Idlib shprehu besimin se luft\u00ebtar\u00ebt e opozit\u00ebs u mblodh\u00ebn n\u00eb rajonin Idlib nga mbar\u00eb Siria. Bombardimet kan\u00eb vrar\u00eb 229 civil\u00eb dhe plagos\u00ebn 727 q\u00eb nga 28 prilli, sipas Bashkimit t\u00eb Sh\u00ebrbimeve Mjek\u00ebsore dhe Organizatave t\u00eb Ndihm\u00ebs (UOSSM), nj\u00eb OJF mjek\u00ebsore me baz\u00eb n\u00eb SHBA.<\/p>\n<p>&nbsp;<\/p>\n","protected":false},"excerpt":{"rendered":"<p>Forcat qeveritare siriane, mb\u00ebshtetur nga Rusia, do t\u00eb mund t\u00eb p\u00ebrparojn\u00eb deri n\u00eb kufirin turk n\u00ebse shp\u00ebrthejn\u00eb mbrojtjet rebele n\u00eb veriper\u00ebndim, tha nj\u00eb zyrtar i lart\u00eb i opozit\u00ebs, duke i b\u00ebr\u00eb thirrje Turqis\u00eb t\u00eb b\u00ebj\u00eb m\u00eb shum\u00eb p\u00ebr t\u00eb mbrojtur zon\u00ebn nga nj\u00eb sulm i madh. Sulmi nj\u00ebmujor \u00ebsht\u00eb shkall\u00ebzimi m\u00eb serioz i luft\u00ebs midis [&hellip;]<\/p>\n","protected":false},"author":2013,"featured_media":86175,"comment_status":"open","ping_status":"closed","sticky":false,"template":"","format":"standard","meta":{"footnotes":""},"categories":[241,191],"tags":[],"class_list":{"0":"post-86174","1":"post","2":"type-post","3":"status-publish","4":"format-standard","5":"has-post-thumbnail","7":"category-aktualitet","8":"category-bota"},"_links":{"self":[{"href":"https:\/\/zjarr.tv\/sq\/wp-json\/wp\/v2\/posts\/86174","targetHints":{"allow":["GET"]}}],"collection":[{"href":"https:\/\/zjarr.tv\/sq\/wp-json\/wp\/v2\/posts"}],"about":[{"href":"https:\/\/zjarr.tv\/sq\/wp-json\/wp\/v2\/types\/post"}],"author":[{"embeddable":true,"href":"https:\/\/zjarr.tv\/sq\/wp-json\/wp\/v2\/users\/2013"}],"replies":[{"embeddable":true,"href":"https:\/\/zjarr.tv\/sq\/wp-json\/wp\/v2\/comments?post=86174"}],"version-history":[{"count":0,"href":"https:\/\/zjarr.tv\/sq\/wp-json\/wp\/v2\/posts\/86174\/revisions"}],"wp:featuredmedia":[{"embeddable":true,"href":"https:\/\/zjarr.tv\/sq\/wp-json\/wp\/v2\/media\/86175"}],"wp:attachment":[{"href":"https:\/\/zjarr.tv\/sq\/wp-json\/wp\/v2\/media?parent=86174"}],"wp:term":[{"taxonomy":"category","embeddable":true,"href":"https:\/\/zjarr.tv\/sq\/wp-json\/wp\/v2\/categories?post=86174"},{"taxonomy":"post_tag","embeddable":true,"href":"https:\/\/zjarr.tv\/sq\/wp-json\/wp\/v2\/tags?post=86174"}],"curies":[{"name":"wp","href":"https:\/\/api.w.org\/{rel}","templated":true}]}}