{"id":86201,"date":"2019-05-27T22:00:25","date_gmt":"2019-05-27T20:00:25","guid":{"rendered":"https:\/\/zjarr.tv\/?p=86201"},"modified":"2019-05-27T17:39:00","modified_gmt":"2019-05-27T15:39:00","slug":"tifozet-e-romes-bejne-gjestin-fantastik-ja-momenti-kur-perlotet-ranieri","status":"publish","type":"post","link":"https:\/\/zjarr.tv\/sq\/tifozet-e-romes-bejne-gjestin-fantastik-ja-momenti-kur-perlotet-ranieri\/","title":{"rendered":"Tifoz\u00ebt e Rom\u00ebs b\u00ebjn\u00eb gjestin fantastik, ja momenti kur p\u00ebrlotet Ranieri"},"content":{"rendered":"<p>Claudio Ranieri sezonin e ardhsh\u00ebm do t\u00eb largohet nga Roma.<\/p>\n<p>N\u00eb minut\u00ebn e 41\u2019 tekniku italian \u00ebsht\u00eb p\u00ebrlotur pasi tifoz\u00ebt e Rom\u00ebs brohorit\u00ebn: Ranieri&#8230;Ranieri&#8230;!<\/p>\n<p>Tekniku 67-vje\u00e7ar \u00ebsht\u00eb nj\u00eb personazh shum\u00eb i dashur n\u00eb Rom\u00eb, sidomos p\u00ebr tifoz\u00ebt, t\u00eb cil\u00ebt kishin p\u00ebrgatitur dhe nj\u00eb mesazh n\u00ebp\u00ebrmjet nj\u00eb banderole ku shruhej: \u201cN\u00eb moment nevoje iu p\u00ebrgjigje thirrjes, tani njer\u00ebzit e tu t\u00eb nderojn\u00eb.\u201d<\/p>\n<p>Claudio Ranieri erdhi n\u00eb stolin e Rom\u00ebs si trajner i p\u00ebrkohsh\u00ebm p\u00ebr t\u00eb z\u00ebvend\u00ebsuar Di Francescon n\u00eb muajin mars pas shkarkimit t\u00eb k\u00ebtij t\u00eb fundit.<\/p>\n<p>&nbsp;<\/p>\n<p>&nbsp;<\/p>\n","protected":false},"excerpt":{"rendered":"<p>Claudio Ranieri sezonin e ardhsh\u00ebm do t\u00eb largohet nga Roma. N\u00eb minut\u00ebn e 41\u2019 tekniku italian \u00ebsht\u00eb p\u00ebrlotur pasi tifoz\u00ebt e Rom\u00ebs brohorit\u00ebn: Ranieri&#8230;Ranieri&#8230;! Tekniku 67-vje\u00e7ar \u00ebsht\u00eb nj\u00eb personazh shum\u00eb i dashur n\u00eb Rom\u00eb, sidomos p\u00ebr tifoz\u00ebt, t\u00eb cil\u00ebt kishin p\u00ebrgatitur dhe nj\u00eb mesazh n\u00ebp\u00ebrmjet nj\u00eb banderole ku shruhej: \u201cN\u00eb moment nevoje iu p\u00ebrgjigje thirrjes, [&hellip;]<\/p>\n","protected":false},"author":2013,"featured_media":86202,"comment_status":"open","ping_status":"closed","sticky":false,"template":"","format":"standard","meta":{"footnotes":""},"categories":[241,192],"tags":[],"class_list":{"0":"post-86201","1":"post","2":"type-post","3":"status-publish","4":"format-standard","5":"has-post-thumbnail","7":"category-aktualitet","8":"category-sport"},"_links":{"self":[{"href":"https:\/\/zjarr.tv\/sq\/wp-json\/wp\/v2\/posts\/86201","targetHints":{"allow":["GET"]}}],"collection":[{"href":"https:\/\/zjarr.tv\/sq\/wp-json\/wp\/v2\/posts"}],"about":[{"href":"https:\/\/zjarr.tv\/sq\/wp-json\/wp\/v2\/types\/post"}],"author":[{"embeddable":true,"href":"https:\/\/zjarr.tv\/sq\/wp-json\/wp\/v2\/users\/2013"}],"replies":[{"embeddable":true,"href":"https:\/\/zjarr.tv\/sq\/wp-json\/wp\/v2\/comments?post=86201"}],"version-history":[{"count":0,"href":"https:\/\/zjarr.tv\/sq\/wp-json\/wp\/v2\/posts\/86201\/revisions"}],"wp:featuredmedia":[{"embeddable":true,"href":"https:\/\/zjarr.tv\/sq\/wp-json\/wp\/v2\/media\/86202"}],"wp:attachment":[{"href":"https:\/\/zjarr.tv\/sq\/wp-json\/wp\/v2\/media?parent=86201"}],"wp:term":[{"taxonomy":"category","embeddable":true,"href":"https:\/\/zjarr.tv\/sq\/wp-json\/wp\/v2\/categories?post=86201"},{"taxonomy":"post_tag","embeddable":true,"href":"https:\/\/zjarr.tv\/sq\/wp-json\/wp\/v2\/tags?post=86201"}],"curies":[{"name":"wp","href":"https:\/\/api.w.org\/{rel}","templated":true}]}}