{"id":86211,"date":"2019-05-27T22:30:39","date_gmt":"2019-05-27T20:30:39","guid":{"rendered":"https:\/\/zjarr.tv\/?p=86211"},"modified":"2019-05-27T17:50:32","modified_gmt":"2019-05-27T15:50:32","slug":"taksa-serbia-dhe-bosnja-kercenojne-kosoven-me-kundermasa","status":"publish","type":"post","link":"https:\/\/zjarr.tv\/sq\/taksa-serbia-dhe-bosnja-kercenojne-kosoven-me-kundermasa\/","title":{"rendered":"Taksa, Serbia dhe Bosnja k\u00ebrc\u00ebnojn\u00eb Kosov\u00ebn me kund\u00ebrmasa"},"content":{"rendered":"<p>Serbia dhe Bosnja kan\u00eb paralajm\u00ebruar Prishtin\u00ebn zyrtare se n\u00ebse nuk heq tarifat p\u00ebr mallrat n\u00eb k\u00ebto dy vende deri m\u00eb 1 korrik, ku edhe do mbahet takimi i lider\u00ebve t\u00eb Ballkanit Per\u00ebndimor n\u00eb Paris, do t\u00eb shqyrtojn\u00eb vendosjen e kund\u00ebrmasave. Ka qen\u00eb ministri serb i Tregtis\u00eb, Rasim Laji\u00e7 si dhe ministri i Tregtis\u00eb dhe Marr\u00ebdh\u00ebnieve Ekonomike i BeH, Mirko Sharovi\u00e7, t\u00eb cil\u00ebt than\u00eb se<\/p>\n<p>Ministri serb i Tregtis\u00eb, Rasim Lajiq, si dhe ministri i Tregtis\u00eb dhe Marr\u00ebdh\u00ebnieve Ekonomike i BeH, Mirko Sharoviq ran\u00eb dakord gjat\u00eb takimit n\u00eb Sarajev\u00eb se dy vende duhet t\u00eb bashk\u00ebrendojn\u00eb dhe koordinojn\u00eb aktivitetet q\u00eb synojn\u00eb rritjen e presionit p\u00ebr t\u00eb shfuqizuar taks\u00ebn.<\/p>\n<p>Kushti p\u00ebr k\u00ebt\u00eb \u00ebsht\u00eb heqja e pakusht\u00ebzuar e taksave t\u00eb Prishtin\u00ebs zyrtare, thuhet\u00a0 n\u00eb deklarat\u00eb.<\/p>\n<p>N\u00ebse kjo nuk ndodh, si\u00e7 vler\u00ebsohet, BE-ja do t\u00eb minoj\u00eb besueshm\u00ebrin\u00eb e vet dhe vendet e k\u00ebtij rajoni do t\u00eb humbasin nj\u00eb mund\u00ebsi tjet\u00ebr p\u00ebr rim\u00ebk\u00ebmbjen ekonomike dhe normalizimin e mund\u00ebsive politike.<\/p>\n<p>Laji\u00e7 p\u00ebrkujton se q\u00eb nga 21 n\u00ebntori i vitit t\u00eb kaluar, kur jan\u00eb vendosur masat, e deri m\u00eb 21 maj, Serbia ka d\u00ebrguar n\u00eb Kosov\u00eb 189,5 milion\u00eb euro m\u00eb pak mallra n\u00eb krahasim me t\u00eb nj\u00ebjt\u00ebn periudh\u00eb t\u00eb vitit t\u00eb kaluar, q\u00eb paraqet nj\u00eb r\u00ebnie prej 80 p\u00ebr qind.<\/p>\n<p>Nj\u00eb gj\u00eb e till\u00eb, praktikisht, sipas Laji\u00e7, do t\u00eb thot\u00eb se d\u00ebmet jan\u00eb m\u00eb t\u00eb m\u00ebdha se nj\u00eb milion euro n\u00eb dit\u00eb.<\/p>\n<p>Nd\u00ebrsa, ministri Sharovi\u00e7 tha se n\u00eb gjasht\u00eb muajt e fundit Bosnja ka sh\u00ebnuar r\u00ebnie t\u00eb d\u00ebrgimit t\u00eb mallrave n\u00eb Kosov\u00eb prej 97 p\u00ebr qind, ose 27 milion\u00eb euro m\u00eb pak n\u00eb krahasim me periudh\u00ebn e nj\u00ebjt\u00eb t\u00eb vitit t\u00eb kaluar.<\/p>\n<p>Sipas tij, n\u00eb kat\u00ebr muajt e par\u00eb t\u00eb k\u00ebtij viti jan\u00eb plasuar mallra n\u00eb vler\u00eb prej gjithsej 500.000 euro.<\/p>\n<p>&nbsp;<\/p>\n","protected":false},"excerpt":{"rendered":"<p>Serbia dhe Bosnja kan\u00eb paralajm\u00ebruar Prishtin\u00ebn zyrtare se n\u00ebse nuk heq tarifat p\u00ebr mallrat n\u00eb k\u00ebto dy vende deri m\u00eb 1 korrik, ku edhe do mbahet takimi i lider\u00ebve t\u00eb Ballkanit Per\u00ebndimor n\u00eb Paris, do t\u00eb shqyrtojn\u00eb vendosjen e kund\u00ebrmasave. Ka qen\u00eb ministri serb i Tregtis\u00eb, Rasim Laji\u00e7 si dhe ministri i Tregtis\u00eb dhe Marr\u00ebdh\u00ebnieve [&hellip;]<\/p>\n","protected":false},"author":2013,"featured_media":85105,"comment_status":"open","ping_status":"closed","sticky":false,"template":"","format":"standard","meta":{"footnotes":""},"categories":[241,2],"tags":[],"class_list":{"0":"post-86211","1":"post","2":"type-post","3":"status-publish","4":"format-standard","5":"has-post-thumbnail","7":"category-aktualitet","8":"category-rajoni"},"_links":{"self":[{"href":"https:\/\/zjarr.tv\/sq\/wp-json\/wp\/v2\/posts\/86211","targetHints":{"allow":["GET"]}}],"collection":[{"href":"https:\/\/zjarr.tv\/sq\/wp-json\/wp\/v2\/posts"}],"about":[{"href":"https:\/\/zjarr.tv\/sq\/wp-json\/wp\/v2\/types\/post"}],"author":[{"embeddable":true,"href":"https:\/\/zjarr.tv\/sq\/wp-json\/wp\/v2\/users\/2013"}],"replies":[{"embeddable":true,"href":"https:\/\/zjarr.tv\/sq\/wp-json\/wp\/v2\/comments?post=86211"}],"version-history":[{"count":0,"href":"https:\/\/zjarr.tv\/sq\/wp-json\/wp\/v2\/posts\/86211\/revisions"}],"wp:featuredmedia":[{"embeddable":true,"href":"https:\/\/zjarr.tv\/sq\/wp-json\/wp\/v2\/media\/85105"}],"wp:attachment":[{"href":"https:\/\/zjarr.tv\/sq\/wp-json\/wp\/v2\/media?parent=86211"}],"wp:term":[{"taxonomy":"category","embeddable":true,"href":"https:\/\/zjarr.tv\/sq\/wp-json\/wp\/v2\/categories?post=86211"},{"taxonomy":"post_tag","embeddable":true,"href":"https:\/\/zjarr.tv\/sq\/wp-json\/wp\/v2\/tags?post=86211"}],"curies":[{"name":"wp","href":"https:\/\/api.w.org\/{rel}","templated":true}]}}