{"id":86228,"date":"2019-05-28T11:46:25","date_gmt":"2019-05-28T09:46:25","guid":{"rendered":"https:\/\/zjarr.tv\/?p=86228"},"modified":"2019-05-28T11:46:25","modified_gmt":"2019-05-28T09:46:25","slug":"plagosi-me-arme-te-riun-dorezohet-studenti-i-akademise-se-policise","status":"publish","type":"post","link":"https:\/\/zjarr.tv\/sq\/plagosi-me-arme-te-riun-dorezohet-studenti-i-akademise-se-policise\/","title":{"rendered":"Plagosi me arm\u00eb t\u00eb riun, dor\u00ebzohet studenti i Akademis\u00eb s\u00eb Policis\u00eb"},"content":{"rendered":"<p>Disa or\u00eb pas ngjarjes ku mbeti i plagosur nj\u00eb 27-vje\u00e7ar n\u00eb Sauk, studenti i Akademis\u00eb s\u00eb Policis\u00eb, i dyshuar si autor i ngjarjes, \u00a0\u00ebsht\u00eb dor\u00ebzuar n\u00eb ambientet e policis\u00eb.<\/p>\n<p>Ndue Ndoj \u00ebsht\u00eb\u00a0 nj\u00ebher\u00ebsh punonj\u00ebs kufiri n\u00eb policin\u00eb e Lezh\u00ebs.<\/p>\n<p>Pas nj\u00eb debati p\u00ebr bllokimin e rrug\u00ebs, Ndue Ndoj, ka q\u00eblluar me arm\u00eb n\u00eb drejtim t\u00eb Ervis Muratit, i cili pas ngjarjes u d\u00ebrguan \u00a0menj\u00ebher\u00eb n\u00eb spital ku ndodhet jasht\u00eb rrezikut p\u00ebr jet\u00ebn.<\/p>\n<p><strong>Njoftimi i policis\u00eb:<\/strong><\/p>\n<p>\u201cN\u00eb af\u00ebrsi t\u00eb nj\u00eb parkingu t\u00eb nj\u00eb hoteli n\u00eb Sauk,\u00a0 gjat\u00eb nj\u00eb konflikti t\u00eb \u00e7astit p\u00ebr motive\u00a0 ende t\u00eb paqarta, shtetasi N.N dyshohet se ka plagosur me arm\u00eb zjarri jasht\u00eb\u00a0 rrezikut p\u00ebr jet\u00ebn\u00a0 shtetasin E.M.,27 vje\u00e7, banues n\u00eb Tiran\u00eb. Grupi hetimor ka shkuar n\u00eb vendngjarje dhe\u00a0 po punon p\u00ebr zbardhjen e rrethanave t\u00ea ngjarjes.Sh\u00ebrbimet e Policis\u00eb po krehin zon\u00ebn dhe kan\u00eb ngritur pika kontrolli p\u00ebr kapjen e autorit i cili \u00ebsht\u00eb shpallur menj\u00ebher\u00eb\u00a0 n\u00eb k\u00ebrkim policor\u201d-njofton policia.<\/p>\n<p>&nbsp;<\/p>\n","protected":false},"excerpt":{"rendered":"<p>Disa or\u00eb pas ngjarjes ku mbeti i plagosur nj\u00eb 27-vje\u00e7ar n\u00eb Sauk, studenti i Akademis\u00eb s\u00eb Policis\u00eb, i dyshuar si autor i ngjarjes, \u00a0\u00ebsht\u00eb dor\u00ebzuar n\u00eb ambientet e policis\u00eb. Ndue Ndoj \u00ebsht\u00eb\u00a0 nj\u00ebher\u00ebsh punonj\u00ebs kufiri n\u00eb policin\u00eb e Lezh\u00ebs. Pas nj\u00eb debati p\u00ebr bllokimin e rrug\u00ebs, Ndue Ndoj, ka q\u00eblluar me arm\u00eb n\u00eb drejtim t\u00eb [&hellip;]<\/p>\n","protected":false},"author":4,"featured_media":77209,"comment_status":"open","ping_status":"closed","sticky":false,"template":"","format":"standard","meta":{"footnotes":""},"categories":[241,231,235],"tags":[],"class_list":{"0":"post-86228","1":"post","2":"type-post","3":"status-publish","4":"format-standard","5":"has-post-thumbnail","7":"category-aktualitet","8":"category-lajme","9":"category-vendi"},"_links":{"self":[{"href":"https:\/\/zjarr.tv\/sq\/wp-json\/wp\/v2\/posts\/86228","targetHints":{"allow":["GET"]}}],"collection":[{"href":"https:\/\/zjarr.tv\/sq\/wp-json\/wp\/v2\/posts"}],"about":[{"href":"https:\/\/zjarr.tv\/sq\/wp-json\/wp\/v2\/types\/post"}],"author":[{"embeddable":true,"href":"https:\/\/zjarr.tv\/sq\/wp-json\/wp\/v2\/users\/4"}],"replies":[{"embeddable":true,"href":"https:\/\/zjarr.tv\/sq\/wp-json\/wp\/v2\/comments?post=86228"}],"version-history":[{"count":0,"href":"https:\/\/zjarr.tv\/sq\/wp-json\/wp\/v2\/posts\/86228\/revisions"}],"wp:featuredmedia":[{"embeddable":true,"href":"https:\/\/zjarr.tv\/sq\/wp-json\/wp\/v2\/media\/77209"}],"wp:attachment":[{"href":"https:\/\/zjarr.tv\/sq\/wp-json\/wp\/v2\/media?parent=86228"}],"wp:term":[{"taxonomy":"category","embeddable":true,"href":"https:\/\/zjarr.tv\/sq\/wp-json\/wp\/v2\/categories?post=86228"},{"taxonomy":"post_tag","embeddable":true,"href":"https:\/\/zjarr.tv\/sq\/wp-json\/wp\/v2\/tags?post=86228"}],"curies":[{"name":"wp","href":"https:\/\/api.w.org\/{rel}","templated":true}]}}