{"id":86230,"date":"2019-05-28T11:48:23","date_gmt":"2019-05-28T09:48:23","guid":{"rendered":"https:\/\/zjarr.tv\/?p=86230"},"modified":"2019-05-28T11:48:23","modified_gmt":"2019-05-28T09:48:23","slug":"aksioni-ne-veri-te-kosoves-rritet-numri-i-policeve-te-plagosur","status":"publish","type":"post","link":"https:\/\/zjarr.tv\/sq\/aksioni-ne-veri-te-kosoves-rritet-numri-i-policeve-te-plagosur\/","title":{"rendered":"Aksioni n\u00eb Veri t\u00eb Kosov\u00ebs, rritet numri i polic\u00ebve t\u00eb plagosur"},"content":{"rendered":"<p>Rritet bilanci i polic\u00ebve t\u00eb Kosov\u00ebs t\u00eb plagosur n\u00eb Veri. Mediat kosovare shkruajn\u00eb se kat\u00ebr polic jan\u00eb plagosur gjat\u00eb aksionit n\u00eb Veri e Jug t\u00eb Mitrovic\u00ebs. Lajmin e ka konfirmuar z\u00ebdh\u00ebn\u00ebsja e Spitalit t\u00eb Mitrovic\u00ebs, Nita Mustafa.<\/p>\n<p>\u201cP\u00ebr momentin kat\u00ebr polic\u00eb jan\u00eb t\u00eb plagosur por q\u00eb jan\u00eb jasht\u00eb rrezikut p\u00ebr jet\u00eb. Tre prej tyre jan\u00eb duke u trajtuar n\u00eb Emergjenc\u00eb dhe nj\u00ebri n\u00eb Kirurgji\u201d, tha Mustafa.<\/p>\n<p>Nj\u00ebsia Speciale e Kosov\u00ebs ka nisur n\u00eb m\u00ebngjesin e s\u00eb mart\u00ebs nj\u00eb aksion arrestimesh n\u00eb veri. Sipas mediave kosovare, jan\u00eb d\u00ebgjuar t\u00eb sht\u00ebna me arm\u00eb zjarri n\u00eb Zubin Potok dhe n\u00eb zon\u00ebt p\u00ebrreth tij. Krismat e arm\u00ebve jan\u00eb d\u00ebgjuar edhe n\u00eb fshatrat Varage dhe Zup\u00e7 ku jan\u00eb mbledhur\u00a0edhe qytetar\u00ebt.<\/p>\n<p>Sipas Tanjug t\u00eb Serbis\u00eb, Nj\u00ebsit\u00eb Speciale kan\u00eb arrestuar 13 persona n\u00eb k\u00ebt\u00eb aksion i cili ka filluar n\u00eb or\u00ebt e hershme t\u00eb m\u00ebngjesit. Po k\u00ebshtu jan\u00eb arrestuar edhe disa polic\u00eb kufitar\u00eb n\u00eb zon\u00ebn e Leposavicit mes tyre komandanti i Zubin Potokut. Nd\u00ebrkoh\u00eb, dy nga t\u00eb arrestuarit n\u00eb aksionin e veriut tashm\u00eb jan\u00eb d\u00ebrguar n\u00eb Inspektoratin Policor t\u00eb Kosov\u00ebs.<\/p>\n","protected":false},"excerpt":{"rendered":"<p>Rritet bilanci i polic\u00ebve t\u00eb Kosov\u00ebs t\u00eb plagosur n\u00eb Veri. Mediat kosovare shkruajn\u00eb se kat\u00ebr polic jan\u00eb plagosur gjat\u00eb aksionit n\u00eb Veri e Jug t\u00eb Mitrovic\u00ebs. Lajmin e ka konfirmuar z\u00ebdh\u00ebn\u00ebsja e Spitalit t\u00eb Mitrovic\u00ebs, Nita Mustafa. \u201cP\u00ebr momentin kat\u00ebr polic\u00eb jan\u00eb t\u00eb plagosur por q\u00eb jan\u00eb jasht\u00eb rrezikut p\u00ebr jet\u00eb. Tre prej tyre jan\u00eb [&hellip;]<\/p>\n","protected":false},"author":4,"featured_media":86231,"comment_status":"open","ping_status":"closed","sticky":false,"template":"","format":"standard","meta":{"footnotes":""},"categories":[241,231,2,235],"tags":[],"class_list":{"0":"post-86230","1":"post","2":"type-post","3":"status-publish","4":"format-standard","5":"has-post-thumbnail","7":"category-aktualitet","8":"category-lajme","9":"category-rajoni","10":"category-vendi"},"_links":{"self":[{"href":"https:\/\/zjarr.tv\/sq\/wp-json\/wp\/v2\/posts\/86230","targetHints":{"allow":["GET"]}}],"collection":[{"href":"https:\/\/zjarr.tv\/sq\/wp-json\/wp\/v2\/posts"}],"about":[{"href":"https:\/\/zjarr.tv\/sq\/wp-json\/wp\/v2\/types\/post"}],"author":[{"embeddable":true,"href":"https:\/\/zjarr.tv\/sq\/wp-json\/wp\/v2\/users\/4"}],"replies":[{"embeddable":true,"href":"https:\/\/zjarr.tv\/sq\/wp-json\/wp\/v2\/comments?post=86230"}],"version-history":[{"count":0,"href":"https:\/\/zjarr.tv\/sq\/wp-json\/wp\/v2\/posts\/86230\/revisions"}],"wp:featuredmedia":[{"embeddable":true,"href":"https:\/\/zjarr.tv\/sq\/wp-json\/wp\/v2\/media\/86231"}],"wp:attachment":[{"href":"https:\/\/zjarr.tv\/sq\/wp-json\/wp\/v2\/media?parent=86230"}],"wp:term":[{"taxonomy":"category","embeddable":true,"href":"https:\/\/zjarr.tv\/sq\/wp-json\/wp\/v2\/categories?post=86230"},{"taxonomy":"post_tag","embeddable":true,"href":"https:\/\/zjarr.tv\/sq\/wp-json\/wp\/v2\/tags?post=86230"}],"curies":[{"name":"wp","href":"https:\/\/api.w.org\/{rel}","templated":true}]}}