{"id":86239,"date":"2019-05-28T11:53:33","date_gmt":"2019-05-28T09:53:33","guid":{"rendered":"https:\/\/zjarr.tv\/?p=86239"},"modified":"2019-05-28T11:53:33","modified_gmt":"2019-05-28T09:53:33","slug":"arrestohet-ne-shqiperi-vrasesi-i-avokatit-grek-zafiropulos","status":"publish","type":"post","link":"https:\/\/zjarr.tv\/sq\/arrestohet-ne-shqiperi-vrasesi-i-avokatit-grek-zafiropulos\/","title":{"rendered":"\u201cArrestohet n\u00eb Shqip\u00ebri vras\u00ebsi i avokatit grek Zafiropulos\u201d"},"content":{"rendered":"<p>Mediat greke shkruajn\u00eb se \u00ebsht\u00eb arrestuar n\u00eb Shqip\u00ebri vras\u00ebsi i dyshuar i avokatit grek \u00a0Michalis Zafiropoulos. N\u00eb mediat e vendit fqinj n\u00ebnvizohet se Aleksand\u00ebr Mata,\u00a0 quajtur \u201cMaradona shqiptar\u201d ka r\u00ebn\u00eb pre e nj\u00eb atentati n\u00eb Vlor\u00eb.<\/p>\n<p>\u201cKujtojm\u00eb se autoritetet greke kishte l\u00ebshuar nj\u00eb urdh\u00ebr arresti nd\u00ebrkomb\u00ebtar p\u00ebr vras\u00ebsin e Zafiropoulos dhe ai kishte shkuar n\u00eb Shqip\u00ebri pas grabitjeve t\u00eb kryera para rreth tre muaj n\u00eb dyqane bizhuterish n\u00eb Ambelokipi\u201d, raportohet nga mediat helene.<\/p>\n<p>N\u00eb shkrim thuhet se Aleksand\u00ebr Mata ose Eno Mata kishte l\u00ebn\u00eb nj\u00eb let\u00ebr n\u00eb Greqi, ku nd\u00ebr t\u00eb tjera shkruante se ai ishte nj\u00eb grabit\u00ebs, por kurrsesi nj\u00eb vras\u00ebs.\u00a0Eno Mata, apo Aleksand\u00ebr Mata, i riu q\u00eb mbeti i plagosur dje n\u00eb fshatin Pore t\u00eb Vlor\u00ebs, aty ku humbi jet\u00ebn edhe Sotiraq M\u00ebhilli rezulton person me precedent penal n\u00eb Greqi, nd\u00ebrsa dyshohet si nj\u00ebri prej autor\u00ebve t\u00eb vrasjes s\u00eb avokatit t\u00eb njohur grek, Mihalesi Zafeiropoulos.<\/p>\n","protected":false},"excerpt":{"rendered":"<p>Mediat greke shkruajn\u00eb se \u00ebsht\u00eb arrestuar n\u00eb Shqip\u00ebri vras\u00ebsi i dyshuar i avokatit grek \u00a0Michalis Zafiropoulos. N\u00eb mediat e vendit fqinj n\u00ebnvizohet se Aleksand\u00ebr Mata,\u00a0 quajtur \u201cMaradona shqiptar\u201d ka r\u00ebn\u00eb pre e nj\u00eb atentati n\u00eb Vlor\u00eb. \u201cKujtojm\u00eb se autoritetet greke kishte l\u00ebshuar nj\u00eb urdh\u00ebr arresti nd\u00ebrkomb\u00ebtar p\u00ebr vras\u00ebsin e Zafiropoulos dhe ai kishte shkuar n\u00eb [&hellip;]<\/p>\n","protected":false},"author":4,"featured_media":86240,"comment_status":"open","ping_status":"closed","sticky":false,"template":"","format":"standard","meta":{"footnotes":""},"categories":[241,231,235],"tags":[],"class_list":{"0":"post-86239","1":"post","2":"type-post","3":"status-publish","4":"format-standard","5":"has-post-thumbnail","7":"category-aktualitet","8":"category-lajme","9":"category-vendi"},"_links":{"self":[{"href":"https:\/\/zjarr.tv\/sq\/wp-json\/wp\/v2\/posts\/86239","targetHints":{"allow":["GET"]}}],"collection":[{"href":"https:\/\/zjarr.tv\/sq\/wp-json\/wp\/v2\/posts"}],"about":[{"href":"https:\/\/zjarr.tv\/sq\/wp-json\/wp\/v2\/types\/post"}],"author":[{"embeddable":true,"href":"https:\/\/zjarr.tv\/sq\/wp-json\/wp\/v2\/users\/4"}],"replies":[{"embeddable":true,"href":"https:\/\/zjarr.tv\/sq\/wp-json\/wp\/v2\/comments?post=86239"}],"version-history":[{"count":0,"href":"https:\/\/zjarr.tv\/sq\/wp-json\/wp\/v2\/posts\/86239\/revisions"}],"wp:featuredmedia":[{"embeddable":true,"href":"https:\/\/zjarr.tv\/sq\/wp-json\/wp\/v2\/media\/86240"}],"wp:attachment":[{"href":"https:\/\/zjarr.tv\/sq\/wp-json\/wp\/v2\/media?parent=86239"}],"wp:term":[{"taxonomy":"category","embeddable":true,"href":"https:\/\/zjarr.tv\/sq\/wp-json\/wp\/v2\/categories?post=86239"},{"taxonomy":"post_tag","embeddable":true,"href":"https:\/\/zjarr.tv\/sq\/wp-json\/wp\/v2\/tags?post=86239"}],"curies":[{"name":"wp","href":"https:\/\/api.w.org\/{rel}","templated":true}]}}