{"id":86244,"date":"2019-05-28T12:00:21","date_gmt":"2019-05-28T10:00:21","guid":{"rendered":"https:\/\/zjarr.tv\/?p=86244"},"modified":"2019-05-28T12:00:21","modified_gmt":"2019-05-28T10:00:21","slug":"mungesa-e-gjimshitit-reja-tregon-arsyen-e-rende","status":"publish","type":"post","link":"https:\/\/zjarr.tv\/sq\/mungesa-e-gjimshitit-reja-tregon-arsyen-e-rende\/","title":{"rendered":"Mungesa e Gjimshitit, Reja tregon arsyen e r\u00ebnd\u00eb!"},"content":{"rendered":"<p>N\u00eb momentin kur Edi Reja b\u00ebri publik list\u00ebn me lojtar\u00ebt e grumbulluar p\u00ebr dy takimet kund\u00ebr Island\u00ebs dhe Moldavis\u00eb, ajo q\u00eb b\u00ebri menj\u00ebher\u00eb p\u00ebrshtypje ishte mungesa e Berat Gjimshitit. Qend\u00ebrmbrojt\u00ebsi kuqezi ka zhvilluar nj\u00eb sezon fantastik tek Atalanta, konsiderohej si nj\u00eb nga pikat m\u00eb t\u00eb forta t\u00eb Komb\u00ebtares por mungesa e tij nuk ka t\u00eb b\u00ebj me arsye taktike, Gjimshiti i \u00ebsht\u00eb n\u00ebnshtruar nj\u00eb nd\u00ebrhyrje kirurgjikale dhe nuk do t\u00eb jet\u00eb n\u00eb dispozicion t\u00eb teknikut italian n\u00eb k\u00ebto dy takime:<\/p>\n<p>\u201cGjimshiti operohet sot, ai ka luajtur i d\u00ebmtuar k\u00ebto jav\u00eb se Atalanta kishte mungesa, m\u00eb vjen keq se Gjimshitin e kam marr\u00eb un\u00eb tek Atalanta dhe k\u00ebto dy ndeshje nuk do e kem. Nd\u00ebrsa \u00c7eki\u00e7in un\u00eb e kam par\u00eb, por duhet t\u00eb b\u00ebj\u00eb zgjedhje, pasi kisha 4 lojtar\u00eb t\u00eb tjer\u00eb. Por, kjo nuk \u00ebsht\u00eb lista p\u00ebrfundimtare. Vrioni p\u00ebr shembull do t\u00eb largohet q\u00eb sot, pasi ka nj\u00eb d\u00ebmtim\u201d.<\/p>\n","protected":false},"excerpt":{"rendered":"<p>N\u00eb momentin kur Edi Reja b\u00ebri publik list\u00ebn me lojtar\u00ebt e grumbulluar p\u00ebr dy takimet kund\u00ebr Island\u00ebs dhe Moldavis\u00eb, ajo q\u00eb b\u00ebri menj\u00ebher\u00eb p\u00ebrshtypje ishte mungesa e Berat Gjimshitit. Qend\u00ebrmbrojt\u00ebsi kuqezi ka zhvilluar nj\u00eb sezon fantastik tek Atalanta, konsiderohej si nj\u00eb nga pikat m\u00eb t\u00eb forta t\u00eb Komb\u00ebtares por mungesa e tij nuk ka t\u00eb [&hellip;]<\/p>\n","protected":false},"author":4,"featured_media":86245,"comment_status":"open","ping_status":"closed","sticky":false,"template":"","format":"standard","meta":{"footnotes":""},"categories":[241,231,235],"tags":[],"class_list":{"0":"post-86244","1":"post","2":"type-post","3":"status-publish","4":"format-standard","5":"has-post-thumbnail","7":"category-aktualitet","8":"category-lajme","9":"category-vendi"},"_links":{"self":[{"href":"https:\/\/zjarr.tv\/sq\/wp-json\/wp\/v2\/posts\/86244","targetHints":{"allow":["GET"]}}],"collection":[{"href":"https:\/\/zjarr.tv\/sq\/wp-json\/wp\/v2\/posts"}],"about":[{"href":"https:\/\/zjarr.tv\/sq\/wp-json\/wp\/v2\/types\/post"}],"author":[{"embeddable":true,"href":"https:\/\/zjarr.tv\/sq\/wp-json\/wp\/v2\/users\/4"}],"replies":[{"embeddable":true,"href":"https:\/\/zjarr.tv\/sq\/wp-json\/wp\/v2\/comments?post=86244"}],"version-history":[{"count":0,"href":"https:\/\/zjarr.tv\/sq\/wp-json\/wp\/v2\/posts\/86244\/revisions"}],"wp:featuredmedia":[{"embeddable":true,"href":"https:\/\/zjarr.tv\/sq\/wp-json\/wp\/v2\/media\/86245"}],"wp:attachment":[{"href":"https:\/\/zjarr.tv\/sq\/wp-json\/wp\/v2\/media?parent=86244"}],"wp:term":[{"taxonomy":"category","embeddable":true,"href":"https:\/\/zjarr.tv\/sq\/wp-json\/wp\/v2\/categories?post=86244"},{"taxonomy":"post_tag","embeddable":true,"href":"https:\/\/zjarr.tv\/sq\/wp-json\/wp\/v2\/tags?post=86244"}],"curies":[{"name":"wp","href":"https:\/\/api.w.org\/{rel}","templated":true}]}}