{"id":86274,"date":"2019-05-28T13:48:50","date_gmt":"2019-05-28T11:48:50","guid":{"rendered":"https:\/\/zjarr.tv\/?p=86274"},"modified":"2019-05-28T13:48:50","modified_gmt":"2019-05-28T11:48:50","slug":"zbardhet-identiteti-i-te-arratisurve-nga-burgu-grek","status":"publish","type":"post","link":"https:\/\/zjarr.tv\/sq\/zbardhet-identiteti-i-te-arratisurve-nga-burgu-grek\/","title":{"rendered":"Zbardhet identiteti i t\u00eb arratisurve nga burgu grek"},"content":{"rendered":"<p>Dy t\u00eb burgosur, nj\u00eb shqiptar 23 vje\u00e7 dhe nj\u00eb sirian 21 vje\u00e7 u arratis\u00ebn nga burgu i Avlon\u00ebs n\u00eb Greqi, rreth or\u00ebs 21:40 t\u00eb mbr\u00ebmjes s\u00eb t\u00eb h\u00ebn\u00ebs (27 maj). Shqiptari \u00ebsht\u00eb identifikuar nga mediat greke si Albion Shezairi.\u00a0 Arratisja u pikas nga nj\u00eb gardian, i cila paralajm\u00ebroi me t\u00eb sht\u00ebna n\u00eb aj\u00ebr, q\u00eb t\u00eb ndalonin, por shqiptar\u00ebt nuk kan\u00eb ndaluar, madje nj\u00ebri prej tyre ka goditur n\u00eb fytyr\u00eb efektivin.<\/p>\n<p>Fillimisht ka qen\u00eb nj\u00ebri prej t\u00eb burgosurve, i cili kap\u00ebrceu murin dhe pas tij i d\u00ebnuari tjet\u00ebr. Dy t\u00eb arratisurit vler\u00ebsohen si persona me rrezikshm\u00ebri t\u00eb lart\u00eb. Nj\u00eb nga dy t\u00eb arratisurit 22 vje\u00e7ar, dyshohet se ishte i p\u00ebrfshir\u00eb n\u00eb vrasjen e nj\u00eb t\u00eb burgosuri n\u00eb Koridallos. Policia greke \u00ebsht\u00eb v\u00ebn\u00eb n\u00eb ndjekje t\u00eb dy personave t\u00eb arratisur.<\/p>\n<p><strong>Njoftimi i Departamentit t\u00eb Drejt\u00ebsis\u00eb<\/strong><\/p>\n<p>Pas 15 or\u00ebsh, Ministria e Drejt\u00ebsis\u00eb konfirmoi arratisjen e dy t\u00eb burgosurve. Sipas Ministris\u00eb s\u00eb Drejt\u00ebsis\u00eb, b\u00ebhet fjal\u00eb p\u00ebr nj\u00eb t\u00eb burgosur sirian dhe nj\u00eb shqiptar dhe ka dh\u00ebn\u00eb nj\u00eb urdh\u00ebr p\u00ebr Inspektoratin dhe Kontrollin e paraburgimit p\u00ebr t\u00eb kryer nj\u00eb kontroll t\u00eb imt\u00ebsish\u00ebm p\u00ebr t\u00eb sqaruar rrethanat n\u00eb t\u00eb cilat ata mund\u00ebn t\u00eb arratisen.<\/p>\n<p>N\u00eb t\u00eb nj\u00ebjt\u00ebn koh\u00eb, nj\u00eb hetim paraprak disiplinor \u00ebsht\u00eb urdh\u00ebruar nga nj\u00eb prokuror publik p\u00ebr t\u00eb k\u00ebrkuar ndonj\u00eb p\u00ebrgjegj\u00ebsi disiplinore t\u00eb personelit t\u00eb burgjeve. Siriani, i lindur n\u00eb vitin 1998, u ndalua p\u00ebr imigracionin e paligjsh\u00ebm dhe u d\u00ebnua me shtat\u00eb vjet burg. Shqiptari, i lindur n\u00eb vitin 1996, u arrestua p\u00ebr trafik droge dhe u d\u00ebnua me 16 vjet burg.\u00a0 N\u00eb burg ka vrar\u00eb nj\u00eb grek 33 vje\u00e7 n\u00eb dat\u00eb 7 mars 2019.<\/p>\n<p>&nbsp;<\/p>\n","protected":false},"excerpt":{"rendered":"<p>Dy t\u00eb burgosur, nj\u00eb shqiptar 23 vje\u00e7 dhe nj\u00eb sirian 21 vje\u00e7 u arratis\u00ebn nga burgu i Avlon\u00ebs n\u00eb Greqi, rreth or\u00ebs 21:40 t\u00eb mbr\u00ebmjes s\u00eb t\u00eb h\u00ebn\u00ebs (27 maj). Shqiptari \u00ebsht\u00eb identifikuar nga mediat greke si Albion Shezairi.\u00a0 Arratisja u pikas nga nj\u00eb gardian, i cila paralajm\u00ebroi me t\u00eb sht\u00ebna n\u00eb aj\u00ebr, q\u00eb t\u00eb [&hellip;]<\/p>\n","protected":false},"author":2013,"featured_media":86275,"comment_status":"open","ping_status":"closed","sticky":false,"template":"","format":"standard","meta":{"footnotes":""},"categories":[241,235],"tags":[],"class_list":{"0":"post-86274","1":"post","2":"type-post","3":"status-publish","4":"format-standard","5":"has-post-thumbnail","7":"category-aktualitet","8":"category-vendi"},"_links":{"self":[{"href":"https:\/\/zjarr.tv\/sq\/wp-json\/wp\/v2\/posts\/86274","targetHints":{"allow":["GET"]}}],"collection":[{"href":"https:\/\/zjarr.tv\/sq\/wp-json\/wp\/v2\/posts"}],"about":[{"href":"https:\/\/zjarr.tv\/sq\/wp-json\/wp\/v2\/types\/post"}],"author":[{"embeddable":true,"href":"https:\/\/zjarr.tv\/sq\/wp-json\/wp\/v2\/users\/2013"}],"replies":[{"embeddable":true,"href":"https:\/\/zjarr.tv\/sq\/wp-json\/wp\/v2\/comments?post=86274"}],"version-history":[{"count":0,"href":"https:\/\/zjarr.tv\/sq\/wp-json\/wp\/v2\/posts\/86274\/revisions"}],"wp:featuredmedia":[{"embeddable":true,"href":"https:\/\/zjarr.tv\/sq\/wp-json\/wp\/v2\/media\/86275"}],"wp:attachment":[{"href":"https:\/\/zjarr.tv\/sq\/wp-json\/wp\/v2\/media?parent=86274"}],"wp:term":[{"taxonomy":"category","embeddable":true,"href":"https:\/\/zjarr.tv\/sq\/wp-json\/wp\/v2\/categories?post=86274"},{"taxonomy":"post_tag","embeddable":true,"href":"https:\/\/zjarr.tv\/sq\/wp-json\/wp\/v2\/tags?post=86274"}],"curies":[{"name":"wp","href":"https:\/\/api.w.org\/{rel}","templated":true}]}}