{"id":86280,"date":"2019-05-28T13:52:06","date_gmt":"2019-05-28T11:52:06","guid":{"rendered":"https:\/\/zjarr.tv\/?p=86280"},"modified":"2019-05-28T13:52:06","modified_gmt":"2019-05-28T11:52:06","slug":"protestat-nis-hetimi-per-opoziten-nen-akuze-disa-ish-deputete-te-pd-se","status":"publish","type":"post","link":"https:\/\/zjarr.tv\/sq\/protestat-nis-hetimi-per-opoziten-nen-akuze-disa-ish-deputete-te-pd-se\/","title":{"rendered":"Protestat, nis hetimi p\u00ebr opozit\u00ebn, n\u00ebn akuz\u00eb disa ish deputet\u00eb t\u00eb PD-s\u00eb"},"content":{"rendered":"<p>Prokuroria e Tiran\u00ebs ,e urdher t\u00eb Edi Ram\u00ebs ka nisur procedim penal ndaj disa ish-deputet\u00ebve t\u00eb Partis\u00eb Demokratike pasi kan\u00eb kund\u00ebrshtuar me dhun\u00eb forcat e policis\u00eb.<br \/>\nB\u00ebhet fjal\u00eb p\u00ebr nj\u00eb incident brenda Drejtoris\u00eb s\u00eb Policis\u00eb pas protes\u00ebs s\u00eb opozit\u00ebs me 16 shkurt.<br \/>\n&#8220;Pamjet e b\u00ebra publike tregojn\u00eb sesi Flamur Noka s\u00eb bashku me Enkelejd Alibeaj, Gent Strazimi, Klevis Balliu, Xhemal Gjunkshi, Anton Frrokaj hyjn\u00eb me dhun\u00eb n\u00eb ambientet e Drejtorise Vendore te Policise, Tiran\u00eb dhe veprojn\u00eb n\u00eb m\u00ebnyr\u00eb t\u00eb dhunshme ndaj efektiv\u00ebve t\u00eb policis\u00eb&#8221; sqaron prokuroria.<br \/>\nN\u00eb lidhje me k\u00ebte rast Prokuroria pran\u00eb Gjykat\u00ebs s\u00eb Shkall\u00ebs s\u00eb Par\u00eb Tiran\u00eb ka kryer hetime duke ngritur akuz\u00eb p\u00ebr vepr\u00ebn penale t\u00eb kund\u00ebrshtimit t\u00eb punonj\u00ebsit t\u00eb policis\u00eb sq rendit publik, kryer n\u00eb p\u00ebrdorim t\u00eb dhun\u00ebs dhe n\u00eb bashk\u00ebpunim, sipas nenit 236\/2 te Kodit Penal.<br \/>\nKy hetim ka filluar pas protest\u00ebs se dat\u00ebs 16.02.2019.<br \/>\nKjo eshte n\u00eb vazhdim te gjithe akuzave te pabaza te ngrutura ndaj opozites p\u00ebr protestat paq\u00ebsore q\u00eb po zhvillohen prej shum\u00eb kohesh kunder qeverise.<\/p>\n","protected":false},"excerpt":{"rendered":"<p>Prokuroria e Tiran\u00ebs ,e urdher t\u00eb Edi Ram\u00ebs ka nisur procedim penal ndaj disa ish-deputet\u00ebve t\u00eb Partis\u00eb Demokratike pasi kan\u00eb kund\u00ebrshtuar me dhun\u00eb forcat e policis\u00eb. B\u00ebhet fjal\u00eb p\u00ebr nj\u00eb incident brenda Drejtoris\u00eb s\u00eb Policis\u00eb pas protes\u00ebs s\u00eb opozit\u00ebs me 16 shkurt. &#8220;Pamjet e b\u00ebra publike tregojn\u00eb sesi Flamur Noka s\u00eb bashku me Enkelejd Alibeaj, [&hellip;]<\/p>\n","protected":false},"author":2013,"featured_media":85829,"comment_status":"open","ping_status":"closed","sticky":false,"template":"","format":"standard","meta":{"footnotes":""},"categories":[241,235],"tags":[],"class_list":{"0":"post-86280","1":"post","2":"type-post","3":"status-publish","4":"format-standard","5":"has-post-thumbnail","7":"category-aktualitet","8":"category-vendi"},"_links":{"self":[{"href":"https:\/\/zjarr.tv\/sq\/wp-json\/wp\/v2\/posts\/86280","targetHints":{"allow":["GET"]}}],"collection":[{"href":"https:\/\/zjarr.tv\/sq\/wp-json\/wp\/v2\/posts"}],"about":[{"href":"https:\/\/zjarr.tv\/sq\/wp-json\/wp\/v2\/types\/post"}],"author":[{"embeddable":true,"href":"https:\/\/zjarr.tv\/sq\/wp-json\/wp\/v2\/users\/2013"}],"replies":[{"embeddable":true,"href":"https:\/\/zjarr.tv\/sq\/wp-json\/wp\/v2\/comments?post=86280"}],"version-history":[{"count":0,"href":"https:\/\/zjarr.tv\/sq\/wp-json\/wp\/v2\/posts\/86280\/revisions"}],"wp:featuredmedia":[{"embeddable":true,"href":"https:\/\/zjarr.tv\/sq\/wp-json\/wp\/v2\/media\/85829"}],"wp:attachment":[{"href":"https:\/\/zjarr.tv\/sq\/wp-json\/wp\/v2\/media?parent=86280"}],"wp:term":[{"taxonomy":"category","embeddable":true,"href":"https:\/\/zjarr.tv\/sq\/wp-json\/wp\/v2\/categories?post=86280"},{"taxonomy":"post_tag","embeddable":true,"href":"https:\/\/zjarr.tv\/sq\/wp-json\/wp\/v2\/tags?post=86280"}],"curies":[{"name":"wp","href":"https:\/\/api.w.org\/{rel}","templated":true}]}}