{"id":86284,"date":"2019-05-28T13:54:39","date_gmt":"2019-05-28T11:54:39","guid":{"rendered":"https:\/\/zjarr.tv\/?p=86284"},"modified":"2019-05-28T13:54:39","modified_gmt":"2019-05-28T11:54:39","slug":"ballapuna-e-keshillit-te-integrimit-u-prek-nga-bojkoti-i-opozites","status":"publish","type":"post","link":"https:\/\/zjarr.tv\/sq\/ballapuna-e-keshillit-te-integrimit-u-prek-nga-bojkoti-i-opozites\/","title":{"rendered":"Balla:Puna e K\u00ebshillit t\u00eb Integrimit u prek nga bojkoti i opozit\u00ebs"},"content":{"rendered":"<p>K\u00ebshillit Komb\u00ebtar p\u00ebr Integrimin Europian prezanton sot n\u00eb Kuvend, raportin p\u00ebr pun\u00ebn e vitit 2018. N\u00eb nisje t\u00eb mbledhjes s\u00eb komisionit t\u00eb Integrimit, kreu i grupit parlamentar t\u00eb PS, Taulant Balla, u shpreh se kryetarja aktuale e k\u00ebtij Komisioni, Rudina Hajdari, \u00ebsht\u00eb nj\u00ebkoh\u00ebsisht drejtuese e kryetare e k\u00ebshillit komb\u00ebtar t\u00eb integrimit<\/p>\n<p>\u201cK\u00ebshilli Komb\u00ebtar intergimit b\u00ebn bashk\u00eb t\u00eb gjitha institucionet dhe ka pesh\u00eb t\u00eb r\u00ebnd\u00ebsishme n\u00eb aspirat\u00ebn p\u00ebr integrimin europian. Veprimtaria e k\u00ebshillit t\u00eb integrimit \u00ebsht\u00eb prekur dhe d\u00ebmtuar nga bojkoti i opozit\u00ebs. Nuk \u00ebsht\u00eb mbledhur cdo dy muaj sic parashikohet.\u201d -u shpreh Balla nd\u00ebrsa shtoi se raporti shqyrtohet nj\u00eb dit\u00eb para publikimit t\u00eb progres raportit t\u00eb KE.<\/p>\n<p>\u201cKy raport shqyrtohet nj\u00eb dit\u00eb para publikimit t\u00eb progres raportit t\u00eb KE, ku pritshm\u00ebrit\u00eb tona bazuar n\u00eb reformat e nd\u00ebrmarra, jan\u00eb rekomandimi p\u00ebr nisjen e bisedimeve p\u00ebr an\u00ebtar\u00ebsim t\u00eb Shqip\u00ebris\u00eb n\u00eb BE.\u201dvijoi m\u00eb tej socialisti Balla.<\/p>\n<p>N\u00eb fjal\u00ebn e saj, kryesuesja e k\u00ebshillit komb\u00ebtar t\u00eb Integrimit k\u00ebrkoi q\u00eb t\u00eb shpeshtohen mbledhjet e k\u00ebtij k\u00ebshilli, me q\u00ebllim sic tha ajo mb\u00ebshtetjen p\u00ebr procesin e integrimit europian.<\/p>\n<p>N\u00eb vijim, komisioni i integrimit miratoi pr\/rezolut\u00ebn p\u00ebr aktivitetin q\u00eb do t\u00eb ndj\u00ebk\u00eb K\u00ebshilli Komb\u00ebtar i Integrimit.<\/p>\n<p>&nbsp;<\/p>\n","protected":false},"excerpt":{"rendered":"<p>K\u00ebshillit Komb\u00ebtar p\u00ebr Integrimin Europian prezanton sot n\u00eb Kuvend, raportin p\u00ebr pun\u00ebn e vitit 2018. N\u00eb nisje t\u00eb mbledhjes s\u00eb komisionit t\u00eb Integrimit, kreu i grupit parlamentar t\u00eb PS, Taulant Balla, u shpreh se kryetarja aktuale e k\u00ebtij Komisioni, Rudina Hajdari, \u00ebsht\u00eb nj\u00ebkoh\u00ebsisht drejtuese e kryetare e k\u00ebshillit komb\u00ebtar t\u00eb integrimit \u201cK\u00ebshilli Komb\u00ebtar intergimit b\u00ebn [&hellip;]<\/p>\n","protected":false},"author":2013,"featured_media":48772,"comment_status":"open","ping_status":"closed","sticky":false,"template":"","format":"standard","meta":{"footnotes":""},"categories":[241,235],"tags":[],"class_list":{"0":"post-86284","1":"post","2":"type-post","3":"status-publish","4":"format-standard","5":"has-post-thumbnail","7":"category-aktualitet","8":"category-vendi"},"_links":{"self":[{"href":"https:\/\/zjarr.tv\/sq\/wp-json\/wp\/v2\/posts\/86284","targetHints":{"allow":["GET"]}}],"collection":[{"href":"https:\/\/zjarr.tv\/sq\/wp-json\/wp\/v2\/posts"}],"about":[{"href":"https:\/\/zjarr.tv\/sq\/wp-json\/wp\/v2\/types\/post"}],"author":[{"embeddable":true,"href":"https:\/\/zjarr.tv\/sq\/wp-json\/wp\/v2\/users\/2013"}],"replies":[{"embeddable":true,"href":"https:\/\/zjarr.tv\/sq\/wp-json\/wp\/v2\/comments?post=86284"}],"version-history":[{"count":0,"href":"https:\/\/zjarr.tv\/sq\/wp-json\/wp\/v2\/posts\/86284\/revisions"}],"wp:featuredmedia":[{"embeddable":true,"href":"https:\/\/zjarr.tv\/sq\/wp-json\/wp\/v2\/media\/48772"}],"wp:attachment":[{"href":"https:\/\/zjarr.tv\/sq\/wp-json\/wp\/v2\/media?parent=86284"}],"wp:term":[{"taxonomy":"category","embeddable":true,"href":"https:\/\/zjarr.tv\/sq\/wp-json\/wp\/v2\/categories?post=86284"},{"taxonomy":"post_tag","embeddable":true,"href":"https:\/\/zjarr.tv\/sq\/wp-json\/wp\/v2\/tags?post=86284"}],"curies":[{"name":"wp","href":"https:\/\/api.w.org\/{rel}","templated":true}]}}