{"id":86307,"date":"2019-05-28T15:21:58","date_gmt":"2019-05-28T13:21:58","guid":{"rendered":"https:\/\/zjarr.tv\/?p=86307"},"modified":"2019-05-28T15:21:58","modified_gmt":"2019-05-28T13:21:58","slug":"kriza-politike-rama-mbledh-deputetet-e-tij","status":"publish","type":"post","link":"https:\/\/zjarr.tv\/sq\/kriza-politike-rama-mbledh-deputetet-e-tij\/","title":{"rendered":"Kriza politike, Rama mbledh deputet\u00ebt e tij"},"content":{"rendered":"<p>Edi Rama do t\u00eb mbledh\u00eb deputet\u00ebt e tij p\u00ebr t\u00eb diskutuar p\u00ebr kriz\u00ebn politike n\u00eb t\u00eb cil\u00ebn \u00ebsht\u00eb p\u00ebrfshir\u00eb vendi.<\/p>\n<p>Lajmi b\u00ebhet i ditur nga mediat.<\/p>\n<p>Sipas raportimeve, Rama do t\u00eb mbledh\u00eb n\u00eb or\u00ebn 19:00 deputet\u00ebt dhe drejtuesit e PS-ve n\u00eb rrethe.<\/p>\n<p>N\u00eb k\u00ebt\u00eb takim do t\u00eb diskutohet p\u00ebr kriz\u00ebn politike ku \u00ebsht\u00eb p\u00ebrfshir\u00eb vendi.<\/p>\n<p>Opozita nuk merr pjes\u00eb n\u00eb zgjedhje, nd\u00ebrsa Rama pretendon t\u00eb shkoj\u00eb i vet\u00ebm n\u00eb votimet e 30 qershorit.<\/p>\n<p>&nbsp;<\/p>\n","protected":false},"excerpt":{"rendered":"<p>Edi Rama do t\u00eb mbledh\u00eb deputet\u00ebt e tij p\u00ebr t\u00eb diskutuar p\u00ebr kriz\u00ebn politike n\u00eb t\u00eb cil\u00ebn \u00ebsht\u00eb p\u00ebrfshir\u00eb vendi. Lajmi b\u00ebhet i ditur nga mediat. Sipas raportimeve, Rama do t\u00eb mbledh\u00eb n\u00eb or\u00ebn 19:00 deputet\u00ebt dhe drejtuesit e PS-ve n\u00eb rrethe. N\u00eb k\u00ebt\u00eb takim do t\u00eb diskutohet p\u00ebr kriz\u00ebn politike ku \u00ebsht\u00eb p\u00ebrfshir\u00eb vendi. [&hellip;]<\/p>\n","protected":false},"author":2013,"featured_media":30694,"comment_status":"open","ping_status":"closed","sticky":false,"template":"","format":"standard","meta":{"footnotes":""},"categories":[241,235],"tags":[],"class_list":{"0":"post-86307","1":"post","2":"type-post","3":"status-publish","4":"format-standard","5":"has-post-thumbnail","7":"category-aktualitet","8":"category-vendi"},"_links":{"self":[{"href":"https:\/\/zjarr.tv\/sq\/wp-json\/wp\/v2\/posts\/86307","targetHints":{"allow":["GET"]}}],"collection":[{"href":"https:\/\/zjarr.tv\/sq\/wp-json\/wp\/v2\/posts"}],"about":[{"href":"https:\/\/zjarr.tv\/sq\/wp-json\/wp\/v2\/types\/post"}],"author":[{"embeddable":true,"href":"https:\/\/zjarr.tv\/sq\/wp-json\/wp\/v2\/users\/2013"}],"replies":[{"embeddable":true,"href":"https:\/\/zjarr.tv\/sq\/wp-json\/wp\/v2\/comments?post=86307"}],"version-history":[{"count":0,"href":"https:\/\/zjarr.tv\/sq\/wp-json\/wp\/v2\/posts\/86307\/revisions"}],"wp:featuredmedia":[{"embeddable":true,"href":"https:\/\/zjarr.tv\/sq\/wp-json\/wp\/v2\/media\/30694"}],"wp:attachment":[{"href":"https:\/\/zjarr.tv\/sq\/wp-json\/wp\/v2\/media?parent=86307"}],"wp:term":[{"taxonomy":"category","embeddable":true,"href":"https:\/\/zjarr.tv\/sq\/wp-json\/wp\/v2\/categories?post=86307"},{"taxonomy":"post_tag","embeddable":true,"href":"https:\/\/zjarr.tv\/sq\/wp-json\/wp\/v2\/tags?post=86307"}],"curies":[{"name":"wp","href":"https:\/\/api.w.org\/{rel}","templated":true}]}}