{"id":86309,"date":"2019-05-28T15:28:01","date_gmt":"2019-05-28T13:28:01","guid":{"rendered":"https:\/\/zjarr.tv\/?p=86309"},"modified":"2019-05-28T15:28:01","modified_gmt":"2019-05-28T13:28:01","slug":"vucic-edhe-kjo-fuqi-e-madhe-eshte-e-prekur-nga-aksioni-i-policise-se-kosoves","status":"publish","type":"post","link":"https:\/\/zjarr.tv\/sq\/vucic-edhe-kjo-fuqi-e-madhe-eshte-e-prekur-nga-aksioni-i-policise-se-kosoves\/","title":{"rendered":"Vu\u00e7i\u00e7: Edhe kjo fuqi e madhe \u00ebsht\u00eb e prekur nga aksioni i policis\u00eb s\u00eb Kosov\u00ebs"},"content":{"rendered":"<p>Presidenti i Serbis\u00eb, Aleksandar Vu\u00e7iq vazhdon paraqitjen e tij n\u00eb seanc\u00ebn e sotme t\u00eb Parlamentit t\u00eb Serbis\u00eb.<\/p>\n<p>Presidenti i Serbis\u00eb, Aleksandar Vu\u00e7iq ka th\u00ebn\u00eb se edhe Rusia tani do t\u00eb p\u00ebrfshihet n\u00eb reagimet pas aksionit t\u00eb policis\u00eb s\u00eb Kosov\u00ebs dhe arrestimet n\u00eb komunat veriore t\u00eb Kosov\u00ebs.<\/p>\n<p>Nj\u00eb shtetas rus raportohet t\u00eb jet\u00eb n\u00eb mesin e t\u00eb arrestuarve t\u00eb sot\u00ebm.<\/p>\n<p>Kurse, Vu\u00e7iq ka th\u00ebn\u00eb se tani n\u00eb \u00e7\u00ebshtje \u00ebsht\u00eb e prekur edhe Rusia, p\u00ebrcjell lajmi.net.<\/p>\n<p>\u201cRusia \u00ebsht e p\u00ebrfshir\u00eb, \u00ebsht\u00eb nj\u00eb ngjarje e madhe kjo q\u00eb ka ndodhur sot. Do t\u00eb na sjell\u00eb pengesa edhe n\u00eb t\u00eb ardhmen\u201d, tha Vu\u00e7iq n\u00eb nj\u00eb fjalim n\u00eb Parlamentin serb.<\/p>\n<p>&nbsp;<\/p>\n","protected":false},"excerpt":{"rendered":"<p>Presidenti i Serbis\u00eb, Aleksandar Vu\u00e7iq vazhdon paraqitjen e tij n\u00eb seanc\u00ebn e sotme t\u00eb Parlamentit t\u00eb Serbis\u00eb. Presidenti i Serbis\u00eb, Aleksandar Vu\u00e7iq ka th\u00ebn\u00eb se edhe Rusia tani do t\u00eb p\u00ebrfshihet n\u00eb reagimet pas aksionit t\u00eb policis\u00eb s\u00eb Kosov\u00ebs dhe arrestimet n\u00eb komunat veriore t\u00eb Kosov\u00ebs. Nj\u00eb shtetas rus raportohet t\u00eb jet\u00eb n\u00eb mesin e [&hellip;]<\/p>\n","protected":false},"author":2013,"featured_media":67536,"comment_status":"open","ping_status":"closed","sticky":false,"template":"","format":"standard","meta":{"footnotes":""},"categories":[241,2],"tags":[],"class_list":{"0":"post-86309","1":"post","2":"type-post","3":"status-publish","4":"format-standard","5":"has-post-thumbnail","7":"category-aktualitet","8":"category-rajoni"},"_links":{"self":[{"href":"https:\/\/zjarr.tv\/sq\/wp-json\/wp\/v2\/posts\/86309","targetHints":{"allow":["GET"]}}],"collection":[{"href":"https:\/\/zjarr.tv\/sq\/wp-json\/wp\/v2\/posts"}],"about":[{"href":"https:\/\/zjarr.tv\/sq\/wp-json\/wp\/v2\/types\/post"}],"author":[{"embeddable":true,"href":"https:\/\/zjarr.tv\/sq\/wp-json\/wp\/v2\/users\/2013"}],"replies":[{"embeddable":true,"href":"https:\/\/zjarr.tv\/sq\/wp-json\/wp\/v2\/comments?post=86309"}],"version-history":[{"count":0,"href":"https:\/\/zjarr.tv\/sq\/wp-json\/wp\/v2\/posts\/86309\/revisions"}],"wp:featuredmedia":[{"embeddable":true,"href":"https:\/\/zjarr.tv\/sq\/wp-json\/wp\/v2\/media\/67536"}],"wp:attachment":[{"href":"https:\/\/zjarr.tv\/sq\/wp-json\/wp\/v2\/media?parent=86309"}],"wp:term":[{"taxonomy":"category","embeddable":true,"href":"https:\/\/zjarr.tv\/sq\/wp-json\/wp\/v2\/categories?post=86309"},{"taxonomy":"post_tag","embeddable":true,"href":"https:\/\/zjarr.tv\/sq\/wp-json\/wp\/v2\/tags?post=86309"}],"curies":[{"name":"wp","href":"https:\/\/api.w.org\/{rel}","templated":true}]}}