{"id":86311,"date":"2019-05-28T15:29:43","date_gmt":"2019-05-28T13:29:43","guid":{"rendered":"https:\/\/zjarr.tv\/?p=86311"},"modified":"2019-05-28T15:29:43","modified_gmt":"2019-05-28T13:29:43","slug":"kosove-reagon-bashkimi-evropian-nuk-ka-verejtje-per-arrestimet-e-sotme","status":"publish","type":"post","link":"https:\/\/zjarr.tv\/sq\/kosove-reagon-bashkimi-evropian-nuk-ka-verejtje-per-arrestimet-e-sotme\/","title":{"rendered":"Kosov\u00eb. Reagon Bashkimi Evropian: Nuk ka v\u00ebrejtje p\u00ebr arrestimet e sotme"},"content":{"rendered":"<p>Bashkimi Evropian ka ftuar p\u00ebr p\u00ebrmbajtje Prishtin\u00ebn dhe Beogradin pas operacioneve t\u00eb policis\u00eb s\u00eb Kosov\u00ebs me k\u00ebrkes\u00eb t\u00eb organeve t\u00eb drejt\u00ebsis\u00eb.<\/p>\n<p>Maja Kocijanciq, z\u00ebdh\u00ebn\u00ebse n\u00eb BE-s\u00eb, n\u00eb nj\u00eb reagim p\u00ebr media, ka th\u00ebn\u00eb se \u201csigurimi i sundimit t\u00eb ligjit, p\u00ebrfshir\u00eb edhe presupozimin e pafaj\u00ebsis\u00eb, \u00ebsht\u00eb nj\u00eb objektiv\u00eb q\u00eb BE-ja fuqish\u00ebm e mb\u00ebshtet\u00eb\u201d.<\/p>\n<p>\u201cOperacionet e policis\u00eb duhet t\u00eb sjellin besim n\u00eb sundimin e ligjit p\u00ebr t\u00eb gjitha komunitetet. Operacionet e tilla duhet t\u00eb riforcojn\u00eb e jo t\u00eb dob\u00ebsojn\u00eb p\u00ebrpjekjet p\u00ebr normalizim\u201d, ka th\u00ebn\u00eb ajo.<\/p>\n<p>N\u00eb reagimin e BE-s\u00eb thuhet se \u201cfuqish\u00ebm besojn\u00eb se m\u00eb shum\u00eb bashk\u00ebpunim policor dhe gjyq\u00ebsor \u00ebsht\u00eb i nevojsh\u00ebm p\u00ebr t\u00eb gjith\u00eb aktor\u00ebt duke respektuar n\u00eb t\u00ebr\u00ebsi marr\u00ebveshjen e Brukselit\u201d.<\/p>\n<p>\u201cOperacioni policor n\u00eb Mitrovic\u00eb i drejtuar ndaj t\u00eb dyshuarve individual\u00eb nga i t\u00ebr\u00eb rajoni dhe nga pjes\u00ebt tjera t\u00eb Kosov\u00ebs, duke ndjekur urdhrat e Gjykat\u00ebs, duhet t\u00eb zbatohet n\u00eb p\u00ebrputhje me ligjin dhe t\u00eb komunikohet n\u00eb m\u00ebnyr\u00eb t\u00eb duhur. Ne jemi n\u00eb kontakt me lidershipin n\u00eb Prishtin\u00eb dhe Beograd dhe kemi b\u00ebr\u00eb thirrje p\u00ebr p\u00ebrmbajtje maksimale\u201d , thuhet n\u00eb reagim.<\/p>\n<p>M\u00eb par\u00eb Bashkimi Evropian po ashtu ka t\u00ebrhequr v\u00ebrejtjen p\u00ebr nivelin e lart\u00eb t\u00eb krimit t\u00eb organizuar n\u00eb Kosov\u00eb, por edhe n\u00eb vendet tjera t\u00eb rajonit.<\/p>\n<p>&nbsp;<\/p>\n","protected":false},"excerpt":{"rendered":"<p>Bashkimi Evropian ka ftuar p\u00ebr p\u00ebrmbajtje Prishtin\u00ebn dhe Beogradin pas operacioneve t\u00eb policis\u00eb s\u00eb Kosov\u00ebs me k\u00ebrkes\u00eb t\u00eb organeve t\u00eb drejt\u00ebsis\u00eb. Maja Kocijanciq, z\u00ebdh\u00ebn\u00ebse n\u00eb BE-s\u00eb, n\u00eb nj\u00eb reagim p\u00ebr media, ka th\u00ebn\u00eb se \u201csigurimi i sundimit t\u00eb ligjit, p\u00ebrfshir\u00eb edhe presupozimin e pafaj\u00ebsis\u00eb, \u00ebsht\u00eb nj\u00eb objektiv\u00eb q\u00eb BE-ja fuqish\u00ebm e mb\u00ebshtet\u00eb\u201d. \u201cOperacionet e policis\u00eb [&hellip;]<\/p>\n","protected":false},"author":2013,"featured_media":86231,"comment_status":"open","ping_status":"closed","sticky":false,"template":"","format":"standard","meta":{"footnotes":""},"categories":[241,2],"tags":[],"class_list":{"0":"post-86311","1":"post","2":"type-post","3":"status-publish","4":"format-standard","5":"has-post-thumbnail","7":"category-aktualitet","8":"category-rajoni"},"_links":{"self":[{"href":"https:\/\/zjarr.tv\/sq\/wp-json\/wp\/v2\/posts\/86311","targetHints":{"allow":["GET"]}}],"collection":[{"href":"https:\/\/zjarr.tv\/sq\/wp-json\/wp\/v2\/posts"}],"about":[{"href":"https:\/\/zjarr.tv\/sq\/wp-json\/wp\/v2\/types\/post"}],"author":[{"embeddable":true,"href":"https:\/\/zjarr.tv\/sq\/wp-json\/wp\/v2\/users\/2013"}],"replies":[{"embeddable":true,"href":"https:\/\/zjarr.tv\/sq\/wp-json\/wp\/v2\/comments?post=86311"}],"version-history":[{"count":0,"href":"https:\/\/zjarr.tv\/sq\/wp-json\/wp\/v2\/posts\/86311\/revisions"}],"wp:featuredmedia":[{"embeddable":true,"href":"https:\/\/zjarr.tv\/sq\/wp-json\/wp\/v2\/media\/86231"}],"wp:attachment":[{"href":"https:\/\/zjarr.tv\/sq\/wp-json\/wp\/v2\/media?parent=86311"}],"wp:term":[{"taxonomy":"category","embeddable":true,"href":"https:\/\/zjarr.tv\/sq\/wp-json\/wp\/v2\/categories?post=86311"},{"taxonomy":"post_tag","embeddable":true,"href":"https:\/\/zjarr.tv\/sq\/wp-json\/wp\/v2\/tags?post=86311"}],"curies":[{"name":"wp","href":"https:\/\/api.w.org\/{rel}","templated":true}]}}