{"id":86313,"date":"2019-05-28T18:30:37","date_gmt":"2019-05-28T16:30:37","guid":{"rendered":"https:\/\/zjarr.tv\/?p=86313"},"modified":"2019-05-28T15:31:34","modified_gmt":"2019-05-28T13:31:34","slug":"vucic-ironizon-jam-shume-i-lumtur-kur-thaci-eshte-i-qete-dhe-i-sigurt","status":"publish","type":"post","link":"https:\/\/zjarr.tv\/sq\/vucic-ironizon-jam-shume-i-lumtur-kur-thaci-eshte-i-qete-dhe-i-sigurt\/","title":{"rendered":"Vu\u00e7i\u00e7 ironizon: Jam shum\u00eb i lumtur kur Tha\u00e7i \u00ebsht\u00eb i qet\u00eb dhe i sigurt"},"content":{"rendered":"<p>Presidenti serb Aleksandar Vu\u00e7iq deklaroi sot se forcat speciale t\u00eb Kosov\u00ebs filluan t\u00eb t\u00ebrhiqen nga veriu i Kosov\u00ebs.<\/p>\n<p>Ai tha n\u00eb Parlamentin serb se \u00e7\u00ebshtja kryesore q\u00eb \u00e7oi n\u00eb t\u00ebrheqje ishte reagimi i bashk\u00ebsis\u00eb nd\u00ebrkomb\u00ebtare, i cili tha se kishte pasur nj\u00eb tejkalim t\u00eb p\u00ebrdorimit t\u00eb forc\u00ebs.<\/p>\n<p>\u201cSipas informacionit q\u00eb kemi, vet\u00ebm kat\u00ebr makina t\u00eb tyre jan\u00eb n\u00eb veri t\u00eb Kosov\u00ebs dhe po t\u00ebrhiqen. Ky \u00ebsht\u00eb nj\u00eb lajm i mir\u00eb p\u00ebr ruajtjen e paqes dhe stabilitetit, dhe p\u00ebr qytetar\u00ebt tan\u00eb n\u00eb Kosov\u00eb\u201d, tha Vu\u00e7iq.<\/p>\n<p>Ai vuri n\u00eb dukje se plani i forcave t\u00eb Kosov\u00ebs ishte arrestimi i 26 personave dhe se 19 prej tyre nga veriu i Kosov\u00ebs u d\u00ebrguan n\u00eb pjes\u00ebn jugore t\u00eb Mitrovic\u00ebs s\u00eb Kosov\u00ebs. Vu\u00e7iq beson se provokimet do t\u00eb vazhdojn\u00eb.<\/p>\n<p>\u201cHashim Tha\u00e7i ka th\u00ebn\u00eb se e di se nuk mund t\u00eb shkojm\u00eb n\u00eb Kosov\u00eb, pasi atje NATO pret dhe e di sa e v\u00ebshtir\u00eb \u00ebsht\u00eb situata p\u00ebr ne. Dhe jam shum\u00eb i lumtur kur Tha\u00e7i \u00ebsht\u00eb i qet\u00eb dhe i sigurt se i di t\u00eb gjitha mir\u00eb dhe t\u00eb gjitha i kupton mir\u00eb&#8221;, tha Vu\u00e7iq<\/p>\n<p>&nbsp;<\/p>\n","protected":false},"excerpt":{"rendered":"<p>Presidenti serb Aleksandar Vu\u00e7iq deklaroi sot se forcat speciale t\u00eb Kosov\u00ebs filluan t\u00eb t\u00ebrhiqen nga veriu i Kosov\u00ebs. Ai tha n\u00eb Parlamentin serb se \u00e7\u00ebshtja kryesore q\u00eb \u00e7oi n\u00eb t\u00ebrheqje ishte reagimi i bashk\u00ebsis\u00eb nd\u00ebrkomb\u00ebtare, i cili tha se kishte pasur nj\u00eb tejkalim t\u00eb p\u00ebrdorimit t\u00eb forc\u00ebs. \u201cSipas informacionit q\u00eb kemi, vet\u00ebm kat\u00ebr makina t\u00eb [&hellip;]<\/p>\n","protected":false},"author":2013,"featured_media":67536,"comment_status":"open","ping_status":"closed","sticky":false,"template":"","format":"standard","meta":{"footnotes":""},"categories":[241,2],"tags":[],"class_list":{"0":"post-86313","1":"post","2":"type-post","3":"status-publish","4":"format-standard","5":"has-post-thumbnail","7":"category-aktualitet","8":"category-rajoni"},"_links":{"self":[{"href":"https:\/\/zjarr.tv\/sq\/wp-json\/wp\/v2\/posts\/86313","targetHints":{"allow":["GET"]}}],"collection":[{"href":"https:\/\/zjarr.tv\/sq\/wp-json\/wp\/v2\/posts"}],"about":[{"href":"https:\/\/zjarr.tv\/sq\/wp-json\/wp\/v2\/types\/post"}],"author":[{"embeddable":true,"href":"https:\/\/zjarr.tv\/sq\/wp-json\/wp\/v2\/users\/2013"}],"replies":[{"embeddable":true,"href":"https:\/\/zjarr.tv\/sq\/wp-json\/wp\/v2\/comments?post=86313"}],"version-history":[{"count":0,"href":"https:\/\/zjarr.tv\/sq\/wp-json\/wp\/v2\/posts\/86313\/revisions"}],"wp:featuredmedia":[{"embeddable":true,"href":"https:\/\/zjarr.tv\/sq\/wp-json\/wp\/v2\/media\/67536"}],"wp:attachment":[{"href":"https:\/\/zjarr.tv\/sq\/wp-json\/wp\/v2\/media?parent=86313"}],"wp:term":[{"taxonomy":"category","embeddable":true,"href":"https:\/\/zjarr.tv\/sq\/wp-json\/wp\/v2\/categories?post=86313"},{"taxonomy":"post_tag","embeddable":true,"href":"https:\/\/zjarr.tv\/sq\/wp-json\/wp\/v2\/tags?post=86313"}],"curies":[{"name":"wp","href":"https:\/\/api.w.org\/{rel}","templated":true}]}}