{"id":86323,"date":"2019-05-28T19:10:40","date_gmt":"2019-05-28T17:10:40","guid":{"rendered":"https:\/\/zjarr.tv\/?p=86323"},"modified":"2019-05-28T15:42:14","modified_gmt":"2019-05-28T13:42:14","slug":"gattuso-largohet-nga-milani-heq-dore-edhe-nga-paga-e-dy-viteve-kontrate","status":"publish","type":"post","link":"https:\/\/zjarr.tv\/sq\/gattuso-largohet-nga-milani-heq-dore-edhe-nga-paga-e-dy-viteve-kontrate\/","title":{"rendered":"Gattuso largohet nga Milani, heq dor\u00eb edhe nga paga e dy viteve kontrat\u00eb"},"content":{"rendered":"<p>Rino Gattuso konfirmon se po largohet nga Milani. \u00a0Vendimi \u00ebsht\u00eb marr\u00eb pasi Milani d\u00ebshtoi t\u00eb kualifikohet n\u00eb Champions League.<\/p>\n<p>&#8221; \u201cNuk \u00ebsht\u00eb e thjesht\u00eb t\u00eb vendos\u00ebsh p\u00ebr t\u2019u larguar nga Milani, por \u00ebsht\u00eb nj\u00eb vendim q\u00eb duhet ta marr pas 18 muajve si trajner i nj\u00eb skuadre q\u00eb p\u00ebr mua nuk do t\u00eb jet\u00eb kurr\u00eb si t\u00eb tjerat. Gjat\u00eb k\u00ebtyre muajve kam jetuar me nj\u00eb pasion t\u00eb madhe, jan\u00eb muaj t\u00eb paharruesh\u00ebm. \u00cbsht\u00eb nj\u00eb zgjidhje e dhimbshme por m\u00eb duhet ta marr&#8221; \u00ebsht\u00eb shprehur Gattuso.<\/p>\n<p>Pritet q\u00eb edhe Leonardo t\u00eb largohet k\u00ebt\u00eb jav\u00eb.<\/p>\n<p>A heq dor\u00eb nga paga e dy viteve t\u00eb mbetura? Po, sepse historia ime me Milanin nuk mund t\u00eb jet\u00eb kurr\u00eb \u00e7\u00ebshtje parash.\u201d<\/p>\n<p>Ky \u00ebsht\u00eb nj\u00eb mesazh lamtumir\u00eb p\u00ebr trajnerin q\u00eb kishte kontrat\u00eb me Milanin deri n\u00eb qershor t\u00eb vitit 2021 me nj\u00eb pag\u00eb 5.5 milion\u00eb euro n\u00eb total.<\/p>\n<p>&nbsp;<\/p>\n","protected":false},"excerpt":{"rendered":"<p>Rino Gattuso konfirmon se po largohet nga Milani. \u00a0Vendimi \u00ebsht\u00eb marr\u00eb pasi Milani d\u00ebshtoi t\u00eb kualifikohet n\u00eb Champions League. &#8221; \u201cNuk \u00ebsht\u00eb e thjesht\u00eb t\u00eb vendos\u00ebsh p\u00ebr t\u2019u larguar nga Milani, por \u00ebsht\u00eb nj\u00eb vendim q\u00eb duhet ta marr pas 18 muajve si trajner i nj\u00eb skuadre q\u00eb p\u00ebr mua nuk do t\u00eb jet\u00eb kurr\u00eb [&hellip;]<\/p>\n","protected":false},"author":2013,"featured_media":86324,"comment_status":"open","ping_status":"closed","sticky":false,"template":"","format":"standard","meta":{"footnotes":""},"categories":[241,192],"tags":[],"class_list":{"0":"post-86323","1":"post","2":"type-post","3":"status-publish","4":"format-standard","5":"has-post-thumbnail","7":"category-aktualitet","8":"category-sport"},"_links":{"self":[{"href":"https:\/\/zjarr.tv\/sq\/wp-json\/wp\/v2\/posts\/86323","targetHints":{"allow":["GET"]}}],"collection":[{"href":"https:\/\/zjarr.tv\/sq\/wp-json\/wp\/v2\/posts"}],"about":[{"href":"https:\/\/zjarr.tv\/sq\/wp-json\/wp\/v2\/types\/post"}],"author":[{"embeddable":true,"href":"https:\/\/zjarr.tv\/sq\/wp-json\/wp\/v2\/users\/2013"}],"replies":[{"embeddable":true,"href":"https:\/\/zjarr.tv\/sq\/wp-json\/wp\/v2\/comments?post=86323"}],"version-history":[{"count":0,"href":"https:\/\/zjarr.tv\/sq\/wp-json\/wp\/v2\/posts\/86323\/revisions"}],"wp:featuredmedia":[{"embeddable":true,"href":"https:\/\/zjarr.tv\/sq\/wp-json\/wp\/v2\/media\/86324"}],"wp:attachment":[{"href":"https:\/\/zjarr.tv\/sq\/wp-json\/wp\/v2\/media?parent=86323"}],"wp:term":[{"taxonomy":"category","embeddable":true,"href":"https:\/\/zjarr.tv\/sq\/wp-json\/wp\/v2\/categories?post=86323"},{"taxonomy":"post_tag","embeddable":true,"href":"https:\/\/zjarr.tv\/sq\/wp-json\/wp\/v2\/tags?post=86323"}],"curies":[{"name":"wp","href":"https:\/\/api.w.org\/{rel}","templated":true}]}}