{"id":86326,"date":"2019-05-28T19:20:52","date_gmt":"2019-05-28T17:20:52","guid":{"rendered":"https:\/\/zjarr.tv\/?p=86326"},"modified":"2019-05-28T15:43:34","modified_gmt":"2019-05-28T13:43:34","slug":"gjiganti-italian-shfaq-interes-per-mbrojtesin-e-kombetares-kuqezi","status":"publish","type":"post","link":"https:\/\/zjarr.tv\/sq\/gjiganti-italian-shfaq-interes-per-mbrojtesin-e-kombetares-kuqezi\/","title":{"rendered":"Gjiganti italian shfaq interes p\u00ebr mbrojt\u00ebsin e komb\u00ebtares kuqezi"},"content":{"rendered":"<p>Shk\u00eblqimi i Kastriot Dermakut n\u00eb radh\u00ebt e Cosenza nuk ka kaluar pa u v\u00ebn\u00eb re nga skaut\u00ebt e futbollit italian.<\/p>\n<p>Mbrojt\u00ebsi i komb\u00ebtares shqiptare \u00ebsht\u00eb sh\u00ebnjestruar nga skuadra e Seria A, \u00a0Bologna, e cila pritet t\u00eb b\u00ebj ofert\u00eb konkrete p\u00ebr 27 vje\u00e7arin.<\/p>\n<p>Dermaku \u00ebsht\u00eb aktivizuar me Cosenzan n\u00eb 65 takime, duke realizuar edhe nj\u00eb gol. Nd\u00ebrkoh\u00eb, me komb\u00ebtaren shqiptare, 27 vje\u00e7ari i formuar te Sassuolo ka luajtur n\u00eb 2 takime, duke mos arritur t\u00eb gjej fundin e rrjet\u00ebs.<\/p>\n<p>&nbsp;<\/p>\n","protected":false},"excerpt":{"rendered":"<p>Shk\u00eblqimi i Kastriot Dermakut n\u00eb radh\u00ebt e Cosenza nuk ka kaluar pa u v\u00ebn\u00eb re nga skaut\u00ebt e futbollit italian. Mbrojt\u00ebsi i komb\u00ebtares shqiptare \u00ebsht\u00eb sh\u00ebnjestruar nga skuadra e Seria A, \u00a0Bologna, e cila pritet t\u00eb b\u00ebj ofert\u00eb konkrete p\u00ebr 27 vje\u00e7arin. Dermaku \u00ebsht\u00eb aktivizuar me Cosenzan n\u00eb 65 takime, duke realizuar edhe nj\u00eb gol. [&hellip;]<\/p>\n","protected":false},"author":2013,"featured_media":86327,"comment_status":"open","ping_status":"closed","sticky":false,"template":"","format":"standard","meta":{"footnotes":""},"categories":[241,192],"tags":[],"class_list":{"0":"post-86326","1":"post","2":"type-post","3":"status-publish","4":"format-standard","5":"has-post-thumbnail","7":"category-aktualitet","8":"category-sport"},"_links":{"self":[{"href":"https:\/\/zjarr.tv\/sq\/wp-json\/wp\/v2\/posts\/86326","targetHints":{"allow":["GET"]}}],"collection":[{"href":"https:\/\/zjarr.tv\/sq\/wp-json\/wp\/v2\/posts"}],"about":[{"href":"https:\/\/zjarr.tv\/sq\/wp-json\/wp\/v2\/types\/post"}],"author":[{"embeddable":true,"href":"https:\/\/zjarr.tv\/sq\/wp-json\/wp\/v2\/users\/2013"}],"replies":[{"embeddable":true,"href":"https:\/\/zjarr.tv\/sq\/wp-json\/wp\/v2\/comments?post=86326"}],"version-history":[{"count":0,"href":"https:\/\/zjarr.tv\/sq\/wp-json\/wp\/v2\/posts\/86326\/revisions"}],"wp:featuredmedia":[{"embeddable":true,"href":"https:\/\/zjarr.tv\/sq\/wp-json\/wp\/v2\/media\/86327"}],"wp:attachment":[{"href":"https:\/\/zjarr.tv\/sq\/wp-json\/wp\/v2\/media?parent=86326"}],"wp:term":[{"taxonomy":"category","embeddable":true,"href":"https:\/\/zjarr.tv\/sq\/wp-json\/wp\/v2\/categories?post=86326"},{"taxonomy":"post_tag","embeddable":true,"href":"https:\/\/zjarr.tv\/sq\/wp-json\/wp\/v2\/tags?post=86326"}],"curies":[{"name":"wp","href":"https:\/\/api.w.org\/{rel}","templated":true}]}}