{"id":86338,"date":"2019-05-28T20:00:02","date_gmt":"2019-05-28T18:00:02","guid":{"rendered":"https:\/\/zjarr.tv\/?p=86338"},"modified":"2019-05-28T15:50:36","modified_gmt":"2019-05-28T13:50:36","slug":"udheheqesit-e-evropes-nisin-luften-per-pozicionet-drejtuese-ne-be","status":"publish","type":"post","link":"https:\/\/zjarr.tv\/sq\/udheheqesit-e-evropes-nisin-luften-per-pozicionet-drejtuese-ne-be\/","title":{"rendered":"Udh\u00ebheq\u00ebsit e Evrop\u00ebs nisin &#8216;luft\u00ebn&#8217; p\u00ebr pozicionet drejtuese n\u00eb BE"},"content":{"rendered":"<p>Udh\u00ebheq\u00ebsit e BE po shkojn\u00eb drejt Brukselit p\u00ebr t\u00eb vler\u00ebsuar peizazhin politik pas zgjedhjeve dhe p\u00ebr t\u00eb \u00a0marr\u00eb n\u00eb konsiderat\u00eb kandidat\u00ebt rivale p\u00ebr pozicionet m\u00eb t\u00eb larta t\u00eb pun\u00ebs n\u00eb BE.<\/p>\n<p>Ndryshimet n\u00eb postet drejtuese, p\u00ebrfshir\u00eb z\u00ebvend\u00ebsimin e presidentit t\u00eb Komisionit Evropian, Jean-Claude Juncker, ka gjasa t\u00eb zgjasin disa muaj.<\/p>\n<p>Mbret\u00ebria e Bashkuar \u00ebsht\u00eb e p\u00ebrfshir\u00eb n\u00eb diskutime. P\u00ebr her\u00eb t\u00eb par\u00eb blloqet e m\u00ebdha t\u00eb qendr\u00ebs nuk kan\u00eb shumic\u00ebn. Zgjedhjet e Parlamentit Europian nxor\u00ebn fitues nacionalist\u00ebt, t\u00eb gjelbrit dhe liberal\u00ebt.<\/p>\n<p>Kjo e l\u00eb BE-n\u00eb m\u00eb t\u00eb fragmentuar, k\u00ebshtu q\u00eb gjetja e konsensusit mund t\u00eb jet\u00eb m\u00eb e v\u00ebshtir\u00eb sesa n\u00eb t\u00eb kaluar\u00ebn.<\/p>\n<p>Kryeministrja e Britanis\u00eb Theresa May do t\u00eb marr\u00eb pjes\u00eb, por burime nga Brukseli thon\u00eb se do t\u00eb ket\u00eb pak ose aspak diskutime mbi Brexit.<\/p>\n<p>Zyrtar\u00ebt e tjer\u00eb t\u00eb lart\u00eb t\u00eb BE q\u00eb do t\u00eb z\u00ebvend\u00ebsohen m\u00eb von\u00eb k\u00ebt\u00eb vit jan\u00eb: Presidenti i K\u00ebshillit Evropian Donald Tusk (polak); Presidenti i Bank\u00ebs Qendrore Europiane Mario Draghi (italian) dhe P\u00ebrfaq\u00ebsuesi i Lart\u00eb i BE-s\u00eb p\u00ebr Pun\u00ebt e Jashtme, Federica Mogherini (italiane).<\/p>\n<p>Pas negociatave t\u00eb gjata, zyrtar\u00ebt e rinj t\u00eb lart\u00eb do t\u00eb marrin postet e tyre m\u00eb 1 n\u00ebntor, me p\u00ebrjashtim t\u00eb shefit t\u00eb ri t\u00eb K\u00ebshillit t\u00eb Evrop\u00ebs, i cili fillon m\u00eb 1 dhjetor.<\/p>\n<p>&nbsp;<\/p>\n","protected":false},"excerpt":{"rendered":"<p>Udh\u00ebheq\u00ebsit e BE po shkojn\u00eb drejt Brukselit p\u00ebr t\u00eb vler\u00ebsuar peizazhin politik pas zgjedhjeve dhe p\u00ebr t\u00eb \u00a0marr\u00eb n\u00eb konsiderat\u00eb kandidat\u00ebt rivale p\u00ebr pozicionet m\u00eb t\u00eb larta t\u00eb pun\u00ebs n\u00eb BE. Ndryshimet n\u00eb postet drejtuese, p\u00ebrfshir\u00eb z\u00ebvend\u00ebsimin e presidentit t\u00eb Komisionit Evropian, Jean-Claude Juncker, ka gjasa t\u00eb zgjasin disa muaj. Mbret\u00ebria e Bashkuar \u00ebsht\u00eb e [&hellip;]<\/p>\n","protected":false},"author":2013,"featured_media":86339,"comment_status":"open","ping_status":"closed","sticky":false,"template":"","format":"standard","meta":{"footnotes":""},"categories":[241,191],"tags":[],"class_list":{"0":"post-86338","1":"post","2":"type-post","3":"status-publish","4":"format-standard","5":"has-post-thumbnail","7":"category-aktualitet","8":"category-bota"},"_links":{"self":[{"href":"https:\/\/zjarr.tv\/sq\/wp-json\/wp\/v2\/posts\/86338","targetHints":{"allow":["GET"]}}],"collection":[{"href":"https:\/\/zjarr.tv\/sq\/wp-json\/wp\/v2\/posts"}],"about":[{"href":"https:\/\/zjarr.tv\/sq\/wp-json\/wp\/v2\/types\/post"}],"author":[{"embeddable":true,"href":"https:\/\/zjarr.tv\/sq\/wp-json\/wp\/v2\/users\/2013"}],"replies":[{"embeddable":true,"href":"https:\/\/zjarr.tv\/sq\/wp-json\/wp\/v2\/comments?post=86338"}],"version-history":[{"count":0,"href":"https:\/\/zjarr.tv\/sq\/wp-json\/wp\/v2\/posts\/86338\/revisions"}],"wp:featuredmedia":[{"embeddable":true,"href":"https:\/\/zjarr.tv\/sq\/wp-json\/wp\/v2\/media\/86339"}],"wp:attachment":[{"href":"https:\/\/zjarr.tv\/sq\/wp-json\/wp\/v2\/media?parent=86338"}],"wp:term":[{"taxonomy":"category","embeddable":true,"href":"https:\/\/zjarr.tv\/sq\/wp-json\/wp\/v2\/categories?post=86338"},{"taxonomy":"post_tag","embeddable":true,"href":"https:\/\/zjarr.tv\/sq\/wp-json\/wp\/v2\/tags?post=86338"}],"curies":[{"name":"wp","href":"https:\/\/api.w.org\/{rel}","templated":true}]}}