{"id":86346,"date":"2019-05-28T20:10:01","date_gmt":"2019-05-28T18:10:01","guid":{"rendered":"https:\/\/zjarr.tv\/?p=86346"},"modified":"2019-05-28T16:12:36","modified_gmt":"2019-05-28T14:12:36","slug":"zgjedhja-e-kreut-te-ke-se-mund-te-ngjalle-perplasje-brenda-be-se","status":"publish","type":"post","link":"https:\/\/zjarr.tv\/sq\/zgjedhja-e-kreut-te-ke-se-mund-te-ngjalle-perplasje-brenda-be-se\/","title":{"rendered":"Zgjedhja e kreut t\u00eb KE-s\u00eb mund t\u00eb ngjall\u00eb p\u00ebrplasje brenda BE-s\u00eb"},"content":{"rendered":"<p>Presidenti i Parlamentit Evropian, Antonio Tajani tha se kreu i ri i Komisionit Evropian (organi kryesor ekzekutiv i BE-s\u00eb) duhet t\u00eb zgjidhet nga kandidat\u00ebt e paraqitur prej grupeve parlamentare.<\/p>\n<p>Kjo mund t\u00eb ngjall\u00eb p\u00ebrplasje mes parlamentit dhe disa udh\u00ebheq\u00ebsve t\u00eb BE-s\u00eb q\u00eb kan\u00eb k\u00ebrkuar nj\u00eb mund\u00ebsi t\u00eb zgjedhjes m\u00eb t\u00eb gjer\u00eb t\u00eb pasuesit t\u00eb Jean-Claude Juncker, kreut t\u00eb deritash\u00ebm t\u00eb Komisionit Evropian.<\/p>\n<p>Sipas rregullave, lider\u00ebt e BE duhet t\u00eb marrin n\u00eb konsiderat\u00eb rezultatet e zgjedhjeve p\u00ebr t\u00eb zgjedhur nj\u00eb president t\u00eb ri t\u00eb Komisionit Evropian, por nuk do t\u00eb thot\u00eb q\u00eb duhet t\u00eb zgjedhin kandidat\u00ebt q\u00eb i propozojn\u00eb grupet n\u00eb parlamentin Evropian.<\/p>\n<p>Parlamenti Evropian megjithat\u00eb do t\u00eb duhet t\u00eb miratoj\u00eb presidentin e ri dhe kjo mund t\u00eb \u00e7oj\u00eb n\u00eb nj\u00eb periudh\u00eb t\u00eb gjat\u00eb t\u00eb p\u00ebrplasjeve midis ligjv\u00ebn\u00ebsve dhe udh\u00ebheq\u00ebsve t\u00eb BE-s\u00eb.<\/p>\n<p>Gjat\u00eb muajve t\u00eb ardhsh\u00ebm, BE-ja gjithashtu duhet t\u00eb zgjedh\u00eb lider\u00eb t\u00eb rinj p\u00ebr K\u00ebshillin e BE-s\u00eb, parlamentin, Bank\u00ebn Qendrore Evropiane dhe nj\u00eb shef-e t\u00eb politik\u00ebs s\u00eb Jashtme.<\/p>\n<p>Tradicionalisht, zgjedhjet p\u00ebr ato pozita gjithmon\u00eb jan\u00eb t\u00eb nd\u00ebrlidhura dhe i n\u00ebnshtrohen debatit midis grupeve politike.<\/p>\n<p>Nd\u00ebrkoh\u00eb t\u00eb mart\u00ebn n\u00eb mbr\u00ebmje udh\u00ebheq\u00ebsit e Bashkimit Evropian do t\u00eb diskutojn\u00eb rreth asaj se kush duhet t\u00eb udh\u00ebheq\u00eb institucionet ky\u00e7e t\u00eb bllokut t\u00eb 28 shteteve p\u00ebr pes\u00eb vitet e ardhshme.<\/p>\n<p>&nbsp;<\/p>\n","protected":false},"excerpt":{"rendered":"<p>Presidenti i Parlamentit Evropian, Antonio Tajani tha se kreu i ri i Komisionit Evropian (organi kryesor ekzekutiv i BE-s\u00eb) duhet t\u00eb zgjidhet nga kandidat\u00ebt e paraqitur prej grupeve parlamentare. Kjo mund t\u00eb ngjall\u00eb p\u00ebrplasje mes parlamentit dhe disa udh\u00ebheq\u00ebsve t\u00eb BE-s\u00eb q\u00eb kan\u00eb k\u00ebrkuar nj\u00eb mund\u00ebsi t\u00eb zgjedhjes m\u00eb t\u00eb gjer\u00eb t\u00eb pasuesit t\u00eb Jean-Claude [&hellip;]<\/p>\n","protected":false},"author":2013,"featured_media":86347,"comment_status":"open","ping_status":"closed","sticky":false,"template":"","format":"standard","meta":{"footnotes":""},"categories":[241,191],"tags":[],"class_list":{"0":"post-86346","1":"post","2":"type-post","3":"status-publish","4":"format-standard","5":"has-post-thumbnail","7":"category-aktualitet","8":"category-bota"},"_links":{"self":[{"href":"https:\/\/zjarr.tv\/sq\/wp-json\/wp\/v2\/posts\/86346","targetHints":{"allow":["GET"]}}],"collection":[{"href":"https:\/\/zjarr.tv\/sq\/wp-json\/wp\/v2\/posts"}],"about":[{"href":"https:\/\/zjarr.tv\/sq\/wp-json\/wp\/v2\/types\/post"}],"author":[{"embeddable":true,"href":"https:\/\/zjarr.tv\/sq\/wp-json\/wp\/v2\/users\/2013"}],"replies":[{"embeddable":true,"href":"https:\/\/zjarr.tv\/sq\/wp-json\/wp\/v2\/comments?post=86346"}],"version-history":[{"count":0,"href":"https:\/\/zjarr.tv\/sq\/wp-json\/wp\/v2\/posts\/86346\/revisions"}],"wp:featuredmedia":[{"embeddable":true,"href":"https:\/\/zjarr.tv\/sq\/wp-json\/wp\/v2\/media\/86347"}],"wp:attachment":[{"href":"https:\/\/zjarr.tv\/sq\/wp-json\/wp\/v2\/media?parent=86346"}],"wp:term":[{"taxonomy":"category","embeddable":true,"href":"https:\/\/zjarr.tv\/sq\/wp-json\/wp\/v2\/categories?post=86346"},{"taxonomy":"post_tag","embeddable":true,"href":"https:\/\/zjarr.tv\/sq\/wp-json\/wp\/v2\/tags?post=86346"}],"curies":[{"name":"wp","href":"https:\/\/api.w.org\/{rel}","templated":true}]}}