{"id":86355,"date":"2019-05-28T16:17:22","date_gmt":"2019-05-28T14:17:22","guid":{"rendered":"https:\/\/zjarr.tv\/?p=86355"},"modified":"2019-05-28T16:17:22","modified_gmt":"2019-05-28T14:17:22","slug":"perplasje-merkel-macron-per-zgjedhjen-e-presidentit-te-ri-te-ke","status":"publish","type":"post","link":"https:\/\/zjarr.tv\/sq\/perplasje-merkel-macron-per-zgjedhjen-e-presidentit-te-ri-te-ke\/","title":{"rendered":"P\u00ebrplasje Merkel-Macron p\u00ebr zgjedhjen e presidentit t\u00eb ri t\u00eb KE"},"content":{"rendered":"<p>P\u00ebrpara samitit ku do t\u00eb diskutohen rezultatet e zgjedhjeve t\u00eb Parlamentit Europian, Kancelarja gjermane Angela Merkel dhe shefi i Elizes\u00eb, Emanuel Macron, kan\u00eb pasur nj\u00eb p\u00ebrplasje, shkak i s\u00eb cil\u00ebs \u00ebsht\u00eb b\u00ebr\u00eb m\u00ebnyra e p\u00ebrzgjedhjes s\u00eb presidentit t\u00eb ri t\u00eb Komisionit Europian.<br \/>\nKreu i shtetit francez k\u00ebmb\u00ebngul q\u00eb procesi t\u00eb mos jet\u00eb automatik. Merkel, nga ana tjet\u00ebr, e b\u00ebri t\u00eb qart\u00eb se Gjermania vazhdon t\u00eb favorizoj\u00eb zgjedhjen e kandidatit kryesor nga partia fituese e zgjedhjeve t\u00eb s\u00eb diel\u00ebs.<br \/>\nKrer\u00ebt e bllokut europian pritet t\u00eb mblidhen n\u00eb Bruksel p\u00ebr t\u00eb folur mbi votimet n\u00eb t\u00eb gjith\u00eb BE-n\u00eb, por edhe p\u00ebr caktimin e drejtuesve t\u00eb rinj t\u00eb institucioneve t\u00eb Bashkimit Europian.<br \/>\nKancelarja gjermane k\u00ebmb\u00ebngul q\u00eb krer\u00ebt e BE-s\u00eb t\u2019i marrin k\u00ebto vendime sa m\u00eb shpejt.<br \/>\n\u201cNe duhet t\u00eb gjejm\u00eb sa m\u00eb par\u00eb nj\u00eb zgjidhje, duke qen\u00eb se Parlamenti i ri do t\u00eb mblidhet n\u00eb fillim t\u00eb qershorit dhe natyrsh\u00ebm preferohet q\u00eb deri n\u00eb at\u00eb koh\u00eb t\u00eb kemi nj\u00eb propozim nga K\u00ebshilli Europian\u201d, ka th\u00ebn\u00eb Merkel.<br \/>\nAi q\u00eb mb\u00ebshtesin aleanca konservatore CDU\/CSU dhe partneri i saj i koalicionit qeveris\u00ebs SPD \u00ebsht\u00eb procesi \u201cSpitzenkandidat\u201d, sipas t\u00eb cilit kandidati i p\u00ebrzgjedhur nga partia fituese votohet n\u00eb PE si presidenti i ardhsh\u00ebm i Komisionit Europian.<br \/>\nE ndon\u00ebse p\u00ebsoi humbje t\u00eb m\u00ebdha t\u00eb diel\u00ebn, Partia Popullore Europiane dhe kandidati i saj kryesor, gjermani Manfred \u00cbeber, s\u00ebrish dol\u00ebn t\u00eb par\u00ebt.<\/p>\n","protected":false},"excerpt":{"rendered":"<p>P\u00ebrpara samitit ku do t\u00eb diskutohen rezultatet e zgjedhjeve t\u00eb Parlamentit Europian, Kancelarja gjermane Angela Merkel dhe shefi i Elizes\u00eb, Emanuel Macron, kan\u00eb pasur nj\u00eb p\u00ebrplasje, shkak i s\u00eb cil\u00ebs \u00ebsht\u00eb b\u00ebr\u00eb m\u00ebnyra e p\u00ebrzgjedhjes s\u00eb presidentit t\u00eb ri t\u00eb Komisionit Europian. Kreu i shtetit francez k\u00ebmb\u00ebngul q\u00eb procesi t\u00eb mos jet\u00eb automatik. Merkel, nga [&hellip;]<\/p>\n","protected":false},"author":2013,"featured_media":86356,"comment_status":"open","ping_status":"closed","sticky":false,"template":"","format":"standard","meta":{"footnotes":""},"categories":[241,191],"tags":[],"class_list":{"0":"post-86355","1":"post","2":"type-post","3":"status-publish","4":"format-standard","5":"has-post-thumbnail","7":"category-aktualitet","8":"category-bota"},"_links":{"self":[{"href":"https:\/\/zjarr.tv\/sq\/wp-json\/wp\/v2\/posts\/86355","targetHints":{"allow":["GET"]}}],"collection":[{"href":"https:\/\/zjarr.tv\/sq\/wp-json\/wp\/v2\/posts"}],"about":[{"href":"https:\/\/zjarr.tv\/sq\/wp-json\/wp\/v2\/types\/post"}],"author":[{"embeddable":true,"href":"https:\/\/zjarr.tv\/sq\/wp-json\/wp\/v2\/users\/2013"}],"replies":[{"embeddable":true,"href":"https:\/\/zjarr.tv\/sq\/wp-json\/wp\/v2\/comments?post=86355"}],"version-history":[{"count":0,"href":"https:\/\/zjarr.tv\/sq\/wp-json\/wp\/v2\/posts\/86355\/revisions"}],"wp:featuredmedia":[{"embeddable":true,"href":"https:\/\/zjarr.tv\/sq\/wp-json\/wp\/v2\/media\/86356"}],"wp:attachment":[{"href":"https:\/\/zjarr.tv\/sq\/wp-json\/wp\/v2\/media?parent=86355"}],"wp:term":[{"taxonomy":"category","embeddable":true,"href":"https:\/\/zjarr.tv\/sq\/wp-json\/wp\/v2\/categories?post=86355"},{"taxonomy":"post_tag","embeddable":true,"href":"https:\/\/zjarr.tv\/sq\/wp-json\/wp\/v2\/tags?post=86355"}],"curies":[{"name":"wp","href":"https:\/\/api.w.org\/{rel}","templated":true}]}}