{"id":86361,"date":"2019-05-28T20:50:57","date_gmt":"2019-05-28T18:50:57","guid":{"rendered":"https:\/\/zjarr.tv\/?p=86361"},"modified":"2019-05-28T16:20:37","modified_gmt":"2019-05-28T14:20:37","slug":"cikloni-afrikan-italia-ne-alarm-prej-bresherit-dhe-stuhive-preket-edhe-veriu-i-ballkanit","status":"publish","type":"post","link":"https:\/\/zjarr.tv\/sq\/cikloni-afrikan-italia-ne-alarm-prej-bresherit-dhe-stuhive-preket-edhe-veriu-i-ballkanit\/","title":{"rendered":"Cikloni afrikan, Italia n\u00eb alarm prej bresh\u00ebrit dhe stuhive, preket edhe veriu i Ballkanit"},"content":{"rendered":"<p>Shiu po bie me rrebesh n\u00eb pjes\u00ebn m\u00eb t\u00eb madhe t\u00eb Italin\u00eb, p\u00ebr shkak t\u00eb ciklonit me origjin\u00eb afrikane t\u00eb pozicionuar mbi detin Tirren dhe q\u00eb n\u00eb or\u00ebt n\u00eb vijim do t\u00eb intensifikohet sidomos n\u00eb veri, por edhe n\u00eb Italin\u00eb e mesme dhe n\u00eb brigjet e Campania, Basilicata dhe Calabria.<\/p>\n<p>Estofex (European Storm Forecast Experiment) ka ngritur alarmin p\u00ebr motin e keq. I njejti alarm vlen edhe p\u00ebr nj\u00eb pjes\u00eb t\u00eb madhe t\u00eb Ballkanit verior dhe Evrop\u00ebs lindore, kryesisht p\u00ebr bresh\u00ebr me dimensione t\u00eb m\u00ebdha, er\u00eb dhe tornado. N\u00eb zona t\u00eb ve\u00e7anta do t\u00eb ket\u00eb edhe v\u00ebrshime ujrash.<\/p>\n<p>Alarm t\u00eb grad\u00ebs s\u00eb dyt\u00eb do t\u00eb ket\u00eb p\u00ebr Rumanin\u00eb, Hungarin\u00eb, Sllovakin\u00eb, Polonin\u00eb dhe Ukrain\u00ebn p\u00ebr bresh\u00ebr kok\u00ebrrmadh, er\u00eb dhe stuhi.<\/p>\n<p>T\u00eb gjitha k\u00ebto paralajm\u00ebrime jan\u00eb t\u00eb vlefshme deri nes\u00ebr n\u00eb m\u00ebngjes n\u00eb or\u00ebn 8, t\u00eb m\u00ebrkur\u00ebn, m\u00eb 29 maj.<\/p>\n<p>&nbsp;<\/p>\n","protected":false},"excerpt":{"rendered":"<p>Shiu po bie me rrebesh n\u00eb pjes\u00ebn m\u00eb t\u00eb madhe t\u00eb Italin\u00eb, p\u00ebr shkak t\u00eb ciklonit me origjin\u00eb afrikane t\u00eb pozicionuar mbi detin Tirren dhe q\u00eb n\u00eb or\u00ebt n\u00eb vijim do t\u00eb intensifikohet sidomos n\u00eb veri, por edhe n\u00eb Italin\u00eb e mesme dhe n\u00eb brigjet e Campania, Basilicata dhe Calabria. Estofex (European Storm Forecast Experiment) [&hellip;]<\/p>\n","protected":false},"author":2013,"featured_media":86362,"comment_status":"open","ping_status":"closed","sticky":false,"template":"","format":"standard","meta":{"footnotes":""},"categories":[241,191],"tags":[],"class_list":{"0":"post-86361","1":"post","2":"type-post","3":"status-publish","4":"format-standard","5":"has-post-thumbnail","7":"category-aktualitet","8":"category-bota"},"_links":{"self":[{"href":"https:\/\/zjarr.tv\/sq\/wp-json\/wp\/v2\/posts\/86361","targetHints":{"allow":["GET"]}}],"collection":[{"href":"https:\/\/zjarr.tv\/sq\/wp-json\/wp\/v2\/posts"}],"about":[{"href":"https:\/\/zjarr.tv\/sq\/wp-json\/wp\/v2\/types\/post"}],"author":[{"embeddable":true,"href":"https:\/\/zjarr.tv\/sq\/wp-json\/wp\/v2\/users\/2013"}],"replies":[{"embeddable":true,"href":"https:\/\/zjarr.tv\/sq\/wp-json\/wp\/v2\/comments?post=86361"}],"version-history":[{"count":0,"href":"https:\/\/zjarr.tv\/sq\/wp-json\/wp\/v2\/posts\/86361\/revisions"}],"wp:featuredmedia":[{"embeddable":true,"href":"https:\/\/zjarr.tv\/sq\/wp-json\/wp\/v2\/media\/86362"}],"wp:attachment":[{"href":"https:\/\/zjarr.tv\/sq\/wp-json\/wp\/v2\/media?parent=86361"}],"wp:term":[{"taxonomy":"category","embeddable":true,"href":"https:\/\/zjarr.tv\/sq\/wp-json\/wp\/v2\/categories?post=86361"},{"taxonomy":"post_tag","embeddable":true,"href":"https:\/\/zjarr.tv\/sq\/wp-json\/wp\/v2\/tags?post=86361"}],"curies":[{"name":"wp","href":"https:\/\/api.w.org\/{rel}","templated":true}]}}