{"id":86375,"date":"2019-05-28T16:49:52","date_gmt":"2019-05-28T14:49:52","guid":{"rendered":"https:\/\/zjarr.tv\/?p=86375"},"modified":"2019-05-28T16:49:52","modified_gmt":"2019-05-28T14:49:52","slug":"avioni-luftarak-serb-mig-29-fluturon-drejt-kufirit-me-kosoven","status":"publish","type":"post","link":"https:\/\/zjarr.tv\/sq\/avioni-luftarak-serb-mig-29-fluturon-drejt-kufirit-me-kosoven\/","title":{"rendered":"Avioni luftarak serb &#8216;MIG 29&#8217; fluturon drejt kufirit me Kosov\u00ebn"},"content":{"rendered":"<p>Nj\u00eb avion &#8216;MIG 29&#8217;\u00a0i ushtris\u00eb serbe fluturoi sot mbi Novi Pazar drejt kufirit me Kosov\u00ebn, p\u00ebrcjell. \u00a0Presidenti serb Aleksandar Vu\u00e7iq urdh\u00ebroi gatishm\u00ebrin\u00eb luftarake t\u00eb ushtris\u00eb serbe pas intervenimit t\u00eb nj\u00ebsive speciale t\u00eb policis\u00eb s\u00eb Kosov\u00ebs n\u00eb veri t\u00eb Kosov\u00ebs dhe arrestimit t\u00eb serb\u00ebve.<\/p>\n<p>\u201cN\u00ebse ka ndonj\u00eb rrezik p\u00ebr rendin dhe jet\u00ebn e njer\u00ebzve n\u00eb veri t\u00eb Kosov\u00ebs, ushtria jon\u00eb do t\u00eb mbroj\u00eb popullin ton\u00eb\u201d, tha presidenti serb.<\/p>\n<p>Nga barakat e Ushtris\u00eb s\u00eb Serbis\u00eb n\u00eb Kralev\u00eb, rreth or\u00ebs 14:00, nj\u00eb kolon\u00eb e automjeteve ushtarake, t\u00eb mbushura me njer\u00ebz dhe pajisje, filluan t\u00eb dalin.<\/p>\n<p>Kolona ka shum\u00eb t\u00eb ngjar\u00eb t\u00eb l\u00ebviz\u00eb n\u00eb drejtim t\u00eb Rashk\u00ebs. N\u00eb kazermat, sipas Tanjugut, Ministri serb i Mbrojtjes Aleksandar Vulin ishte i pranish\u00ebm pak para se kolona t\u00eb l\u00ebvizte.<\/p>\n<p>&nbsp;<\/p>\n","protected":false},"excerpt":{"rendered":"<p>Nj\u00eb avion &#8216;MIG 29&#8217;\u00a0i ushtris\u00eb serbe fluturoi sot mbi Novi Pazar drejt kufirit me Kosov\u00ebn, p\u00ebrcjell. \u00a0Presidenti serb Aleksandar Vu\u00e7iq urdh\u00ebroi gatishm\u00ebrin\u00eb luftarake t\u00eb ushtris\u00eb serbe pas intervenimit t\u00eb nj\u00ebsive speciale t\u00eb policis\u00eb s\u00eb Kosov\u00ebs n\u00eb veri t\u00eb Kosov\u00ebs dhe arrestimit t\u00eb serb\u00ebve. \u201cN\u00ebse ka ndonj\u00eb rrezik p\u00ebr rendin dhe jet\u00ebn e njer\u00ebzve n\u00eb veri [&hellip;]<\/p>\n","protected":false},"author":2013,"featured_media":86376,"comment_status":"open","ping_status":"closed","sticky":false,"template":"","format":"standard","meta":{"footnotes":""},"categories":[241,2],"tags":[],"class_list":{"0":"post-86375","1":"post","2":"type-post","3":"status-publish","4":"format-standard","5":"has-post-thumbnail","7":"category-aktualitet","8":"category-rajoni"},"_links":{"self":[{"href":"https:\/\/zjarr.tv\/sq\/wp-json\/wp\/v2\/posts\/86375","targetHints":{"allow":["GET"]}}],"collection":[{"href":"https:\/\/zjarr.tv\/sq\/wp-json\/wp\/v2\/posts"}],"about":[{"href":"https:\/\/zjarr.tv\/sq\/wp-json\/wp\/v2\/types\/post"}],"author":[{"embeddable":true,"href":"https:\/\/zjarr.tv\/sq\/wp-json\/wp\/v2\/users\/2013"}],"replies":[{"embeddable":true,"href":"https:\/\/zjarr.tv\/sq\/wp-json\/wp\/v2\/comments?post=86375"}],"version-history":[{"count":0,"href":"https:\/\/zjarr.tv\/sq\/wp-json\/wp\/v2\/posts\/86375\/revisions"}],"wp:featuredmedia":[{"embeddable":true,"href":"https:\/\/zjarr.tv\/sq\/wp-json\/wp\/v2\/media\/86376"}],"wp:attachment":[{"href":"https:\/\/zjarr.tv\/sq\/wp-json\/wp\/v2\/media?parent=86375"}],"wp:term":[{"taxonomy":"category","embeddable":true,"href":"https:\/\/zjarr.tv\/sq\/wp-json\/wp\/v2\/categories?post=86375"},{"taxonomy":"post_tag","embeddable":true,"href":"https:\/\/zjarr.tv\/sq\/wp-json\/wp\/v2\/tags?post=86375"}],"curies":[{"name":"wp","href":"https:\/\/api.w.org\/{rel}","templated":true}]}}