{"id":86378,"date":"2019-05-28T17:01:58","date_gmt":"2019-05-28T15:01:58","guid":{"rendered":"https:\/\/zjarr.tv\/?p=86378"},"modified":"2019-05-28T17:01:58","modified_gmt":"2019-05-28T15:01:58","slug":"keshilltari-i-edi-rames-perjashtohet-nga-partia-laburiste","status":"publish","type":"post","link":"https:\/\/zjarr.tv\/sq\/keshilltari-i-edi-rames-perjashtohet-nga-partia-laburiste\/","title":{"rendered":"K\u00ebshilltari i Edi Ram\u00ebs p\u00ebrjashtohet nga Partia Laburiste"},"content":{"rendered":"<p>Alastair Campbell, drejtori i komunikimit gjat\u00eb kryeminisitris\u00eb s\u00eb\u00a0 Tony Blair n\u00eb Britanin\u00eb e Madhe \u00ebsht\u00eb p\u00ebrjashtuar nga Partia Laburiste.<\/p>\n<p>P\u00ebrjashtimi i tij vjen pasi ai tha \u00ebsht\u00eb shprehur se, votoi p\u00ebr Liberal Demokrat\u00ebt n\u00eb zgjedhjet p\u00ebr Parlamentin Europian, q\u00eb u mbajt\u00ebn t\u00eb diel\u00ebn q\u00eb lam\u00eb pas.<\/p>\n<p>P\u00ebrmes disa postimeve n\u00eb twiter, Campbell tha se ishte \u201ci trishtuar dhe i zhg\u00ebnjyer\u201d.<\/p>\n<p>K\u00ebshilltari i Blair ka deklaruar se do ta apeloj\u00eb vendimin e partis\u00eb s\u00eb tij.<\/p>\n<p>Kujtojm\u00eb se Campbell \u00ebsht\u00eb edhe mik i kryeministrit Edi Rama dhe PS.<\/p>\n<p>Ai po ashtu ka drejtuar fushat\u00ebn mediatike t\u00eb qeveris\u00eb Rama dhe ka shkruajtur mjaft artikuj p\u00ebr Shqip\u00ebrin\u00eb.<\/p>\n<p>&nbsp;<\/p>\n","protected":false},"excerpt":{"rendered":"<p>Alastair Campbell, drejtori i komunikimit gjat\u00eb kryeminisitris\u00eb s\u00eb\u00a0 Tony Blair n\u00eb Britanin\u00eb e Madhe \u00ebsht\u00eb p\u00ebrjashtuar nga Partia Laburiste. P\u00ebrjashtimi i tij vjen pasi ai tha \u00ebsht\u00eb shprehur se, votoi p\u00ebr Liberal Demokrat\u00ebt n\u00eb zgjedhjet p\u00ebr Parlamentin Europian, q\u00eb u mbajt\u00ebn t\u00eb diel\u00ebn q\u00eb lam\u00eb pas. P\u00ebrmes disa postimeve n\u00eb twiter, Campbell tha se ishte [&hellip;]<\/p>\n","protected":false},"author":2013,"featured_media":86379,"comment_status":"open","ping_status":"closed","sticky":false,"template":"","format":"standard","meta":{"footnotes":""},"categories":[241,235],"tags":[],"class_list":{"0":"post-86378","1":"post","2":"type-post","3":"status-publish","4":"format-standard","5":"has-post-thumbnail","7":"category-aktualitet","8":"category-vendi"},"_links":{"self":[{"href":"https:\/\/zjarr.tv\/sq\/wp-json\/wp\/v2\/posts\/86378","targetHints":{"allow":["GET"]}}],"collection":[{"href":"https:\/\/zjarr.tv\/sq\/wp-json\/wp\/v2\/posts"}],"about":[{"href":"https:\/\/zjarr.tv\/sq\/wp-json\/wp\/v2\/types\/post"}],"author":[{"embeddable":true,"href":"https:\/\/zjarr.tv\/sq\/wp-json\/wp\/v2\/users\/2013"}],"replies":[{"embeddable":true,"href":"https:\/\/zjarr.tv\/sq\/wp-json\/wp\/v2\/comments?post=86378"}],"version-history":[{"count":0,"href":"https:\/\/zjarr.tv\/sq\/wp-json\/wp\/v2\/posts\/86378\/revisions"}],"wp:featuredmedia":[{"embeddable":true,"href":"https:\/\/zjarr.tv\/sq\/wp-json\/wp\/v2\/media\/86379"}],"wp:attachment":[{"href":"https:\/\/zjarr.tv\/sq\/wp-json\/wp\/v2\/media?parent=86378"}],"wp:term":[{"taxonomy":"category","embeddable":true,"href":"https:\/\/zjarr.tv\/sq\/wp-json\/wp\/v2\/categories?post=86378"},{"taxonomy":"post_tag","embeddable":true,"href":"https:\/\/zjarr.tv\/sq\/wp-json\/wp\/v2\/tags?post=86378"}],"curies":[{"name":"wp","href":"https:\/\/api.w.org\/{rel}","templated":true}]}}