{"id":86388,"date":"2019-05-28T17:35:25","date_gmt":"2019-05-28T15:35:25","guid":{"rendered":"https:\/\/zjarr.tv\/?p=86388"},"modified":"2019-05-28T17:35:25","modified_gmt":"2019-05-28T15:35:25","slug":"216-kontrata-sekrete-e-46-miliarde-euro-vjedhje-basha-paralajmeron-i-kane-bere-hesapet-pa-popullin","status":"publish","type":"post","link":"https:\/\/zjarr.tv\/sq\/216-kontrata-sekrete-e-46-miliarde-euro-vjedhje-basha-paralajmeron-i-kane-bere-hesapet-pa-popullin\/","title":{"rendered":"216 kontrata sekrete e 4,6 miliard\u00eb euro vjedhje\/ Basha paralajm\u00ebron: I kan\u00eb b\u00ebr\u00eb hesapet pa popullin&#8230;"},"content":{"rendered":"<p>Pak dit\u00eb nga protesta e shtat\u00eb mbar\u00ebkomb\u00ebtare e opozit\u00ebs s\u00eb bashkuar, e programuar p\u00ebr n\u00eb 2 qershor, kryetari i Partis\u00eb Demokratike Lulzim Basha po zhvillon nj\u00eb takim me qytetar\u00ebt e Elbasanit.<\/p>\n<p>Gjat\u00eb fjal\u00ebs s\u00eb tij, kryedemokrati \u00ebsht\u00eb shprehur se, shprehur se Shqip\u00ebria nuk mund t\u00eb pranoj\u00eb nj\u00eb qeverisje t\u00eb till\u00eb.<\/p>\n<p>\u201cT\u00eb diel\u00ebn t\u00eb bashkohemi t\u00eb gjith\u00eb n\u00eb Tiran\u00eb, me nj\u00eb mesazh, me nj\u00eb vendosm\u00ebri. Dit\u00eb p\u00ebr dit\u00eb shqiptar\u00ebt dhe mbar\u00eb bota lemerisen me p\u00ebrmasat e korrupsionit t\u00eb Edi Ram\u00ebs. Ne e dim\u00eb q\u00eb ky nuk \u00ebsht\u00eb nj\u00eb problem i ri n\u00eb Shqip\u00ebri, por kurr\u00eb m\u00eb par\u00eb aferat korruptive nuk kan\u00eb marr\u00eb dimensione kaq \u00e7njer\u00ebzore.<\/p>\n<p>216 kontrata sekrete, 100 miliona euro q\u00eb ua marrin ju, jua heqin nga goja e f\u00ebmij\u00ebve, para q\u00eb vidhen e shp\u00ebrdorohen. Parat\u00eb q\u00eb vidhen nga pensionet q\u00eb nuk mjaftojn\u00eb. Me k\u00ebto qindra miliona euro ushqehen Edi Rama, ushqehen nj\u00eb grup hajdut\u00ebsh, q\u00eb tani vjedhjen e b\u00ebjn\u00eb me kontrata sekrete. Kjo band\u00eb hajdut\u00ebsh, sipas t\u00eb dh\u00ebnave zyrtare, ka vjedhur vet\u00ebm n\u00eb 4 vitet e fundit 4,6 miliard\u00eb euro. K\u00ebto qindra miliona euro nuk sjellin asgj\u00eb p\u00ebr qytetar\u00ebt. A ka mbaruar rruga Elbasan-Tirana? Ka avancuar rruga? Asnj\u00eb met\u00ebr. A ka investime n\u00eb Elbasan? A ka pun\u00ebsim? A ka shkolla? Jo. Se banda i ka parat\u00eb p\u00ebr vete, p\u00ebr pushtetin. I b\u00ebri bandat 1 n\u00eb Elbasan. Godit\u00ebn polic\u00ebt dhe asgj\u00eb i gjeti. Jan\u00eb b\u00ebr\u00eb nj\u00ebsh me krimin. Po i kan\u00eb b\u00ebr\u00eb hesapet pa popullin\u201d, u shpreh Basha gjat\u00eb fjal\u00ebs s\u00eb tij.<\/p>\n<p>&nbsp;<\/p>\n","protected":false},"excerpt":{"rendered":"<p>Pak dit\u00eb nga protesta e shtat\u00eb mbar\u00ebkomb\u00ebtare e opozit\u00ebs s\u00eb bashkuar, e programuar p\u00ebr n\u00eb 2 qershor, kryetari i Partis\u00eb Demokratike Lulzim Basha po zhvillon nj\u00eb takim me qytetar\u00ebt e Elbasanit. Gjat\u00eb fjal\u00ebs s\u00eb tij, kryedemokrati \u00ebsht\u00eb shprehur se, shprehur se Shqip\u00ebria nuk mund t\u00eb pranoj\u00eb nj\u00eb qeverisje t\u00eb till\u00eb. \u201cT\u00eb diel\u00ebn t\u00eb bashkohemi t\u00eb [&hellip;]<\/p>\n","protected":false},"author":2013,"featured_media":0,"comment_status":"open","ping_status":"closed","sticky":false,"template":"","format":"standard","meta":{"footnotes":""},"categories":[235],"tags":[],"class_list":{"0":"post-86388","1":"post","2":"type-post","3":"status-publish","4":"format-standard","6":"category-vendi"},"_links":{"self":[{"href":"https:\/\/zjarr.tv\/sq\/wp-json\/wp\/v2\/posts\/86388","targetHints":{"allow":["GET"]}}],"collection":[{"href":"https:\/\/zjarr.tv\/sq\/wp-json\/wp\/v2\/posts"}],"about":[{"href":"https:\/\/zjarr.tv\/sq\/wp-json\/wp\/v2\/types\/post"}],"author":[{"embeddable":true,"href":"https:\/\/zjarr.tv\/sq\/wp-json\/wp\/v2\/users\/2013"}],"replies":[{"embeddable":true,"href":"https:\/\/zjarr.tv\/sq\/wp-json\/wp\/v2\/comments?post=86388"}],"version-history":[{"count":0,"href":"https:\/\/zjarr.tv\/sq\/wp-json\/wp\/v2\/posts\/86388\/revisions"}],"wp:attachment":[{"href":"https:\/\/zjarr.tv\/sq\/wp-json\/wp\/v2\/media?parent=86388"}],"wp:term":[{"taxonomy":"category","embeddable":true,"href":"https:\/\/zjarr.tv\/sq\/wp-json\/wp\/v2\/categories?post=86388"},{"taxonomy":"post_tag","embeddable":true,"href":"https:\/\/zjarr.tv\/sq\/wp-json\/wp\/v2\/tags?post=86388"}],"curies":[{"name":"wp","href":"https:\/\/api.w.org\/{rel}","templated":true}]}}