{"id":86392,"date":"2019-05-28T21:20:35","date_gmt":"2019-05-28T19:20:35","guid":{"rendered":"https:\/\/zjarr.tv\/?p=86392"},"modified":"2019-05-28T17:40:12","modified_gmt":"2019-05-28T15:40:12","slug":"interi-ne-zi-klubi-zikalter-jep-lajmin-trondites-per-spallettin","status":"publish","type":"post","link":"https:\/\/zjarr.tv\/sq\/interi-ne-zi-klubi-zikalter-jep-lajmin-trondites-per-spallettin\/","title":{"rendered":"Interi n\u00eb zi, klubi zikalt\u00ebr jep lajmin trondit\u00ebs p\u00ebr Spallettin"},"content":{"rendered":"<p>Vet\u00ebm dy dit\u00eb pas arritjes s\u00eb madhe t\u00eb Interit, p\u00ebr t\u00eb marr\u00eb nj\u00eb bilet\u00eb, p\u00ebr n\u00eb Lig\u00ebn e Kampion\u00ebve, Lucciano Spalletti ka marr\u00eb nj\u00eb lajm shum\u00eb t\u00eb hidhur.<\/p>\n<p>Trajnerit t\u00eb Interit, dit\u00ebn e sotme, iu nda nga jeta, v\u00ebllai m\u00eb madh i tij Marcello, n\u00eb mosh\u00ebn 66-vje\u00e7are.<\/p>\n<p>Ishte klubi zikalt\u00ebr, i cili ka b\u00ebr\u00eb me dije k\u00ebt\u00eb ndodhi dhe i ka q\u00ebndruar n\u00eb krah trajnerit t\u00eb vet, me nj\u00eb mesazh n\u00eb \u201cTwitter\u201d.<\/p>\n<p>&nbsp;<\/p>\n","protected":false},"excerpt":{"rendered":"<p>Vet\u00ebm dy dit\u00eb pas arritjes s\u00eb madhe t\u00eb Interit, p\u00ebr t\u00eb marr\u00eb nj\u00eb bilet\u00eb, p\u00ebr n\u00eb Lig\u00ebn e Kampion\u00ebve, Lucciano Spalletti ka marr\u00eb nj\u00eb lajm shum\u00eb t\u00eb hidhur. Trajnerit t\u00eb Interit, dit\u00ebn e sotme, iu nda nga jeta, v\u00ebllai m\u00eb madh i tij Marcello, n\u00eb mosh\u00ebn 66-vje\u00e7are. Ishte klubi zikalt\u00ebr, i cili ka b\u00ebr\u00eb me [&hellip;]<\/p>\n","protected":false},"author":2013,"featured_media":86393,"comment_status":"open","ping_status":"closed","sticky":false,"template":"","format":"standard","meta":{"footnotes":""},"categories":[241,192],"tags":[],"class_list":{"0":"post-86392","1":"post","2":"type-post","3":"status-publish","4":"format-standard","5":"has-post-thumbnail","7":"category-aktualitet","8":"category-sport"},"_links":{"self":[{"href":"https:\/\/zjarr.tv\/sq\/wp-json\/wp\/v2\/posts\/86392","targetHints":{"allow":["GET"]}}],"collection":[{"href":"https:\/\/zjarr.tv\/sq\/wp-json\/wp\/v2\/posts"}],"about":[{"href":"https:\/\/zjarr.tv\/sq\/wp-json\/wp\/v2\/types\/post"}],"author":[{"embeddable":true,"href":"https:\/\/zjarr.tv\/sq\/wp-json\/wp\/v2\/users\/2013"}],"replies":[{"embeddable":true,"href":"https:\/\/zjarr.tv\/sq\/wp-json\/wp\/v2\/comments?post=86392"}],"version-history":[{"count":0,"href":"https:\/\/zjarr.tv\/sq\/wp-json\/wp\/v2\/posts\/86392\/revisions"}],"wp:featuredmedia":[{"embeddable":true,"href":"https:\/\/zjarr.tv\/sq\/wp-json\/wp\/v2\/media\/86393"}],"wp:attachment":[{"href":"https:\/\/zjarr.tv\/sq\/wp-json\/wp\/v2\/media?parent=86392"}],"wp:term":[{"taxonomy":"category","embeddable":true,"href":"https:\/\/zjarr.tv\/sq\/wp-json\/wp\/v2\/categories?post=86392"},{"taxonomy":"post_tag","embeddable":true,"href":"https:\/\/zjarr.tv\/sq\/wp-json\/wp\/v2\/tags?post=86392"}],"curies":[{"name":"wp","href":"https:\/\/api.w.org\/{rel}","templated":true}]}}