{"id":86398,"date":"2019-05-28T17:50:37","date_gmt":"2019-05-28T15:50:37","guid":{"rendered":"https:\/\/zjarr.tv\/?p=86398"},"modified":"2019-05-28T17:50:37","modified_gmt":"2019-05-28T15:50:37","slug":"samiti-i-brukselit-pa-sinjal-telefonik","status":"publish","type":"post","link":"https:\/\/zjarr.tv\/sq\/samiti-i-brukselit-pa-sinjal-telefonik\/","title":{"rendered":"Samiti i Brukselit pa sinjal telefonik"},"content":{"rendered":"<p>E drejt\u00eb hyrjeje vet\u00ebm p\u00ebr 28 lider\u00ebt dhe asnj\u00eb sinjal telefonik.<\/p>\n<p>Krer\u00ebt e Bashkimit Europian mblidhen sonte p\u00ebr nj\u00eb samit t\u00eb jasht\u00ebzakonsh\u00ebm, sipas burimeve diplomatike.<\/p>\n<p>Udh\u00ebheq\u00ebsit e BE do t\u00eb takohen n\u00eb p\u00ebrpjekje p\u00ebr gjetjen e emrave p\u00ebr postet m\u00eb t\u00eb larta t\u00eb bllokut, p\u00ebrfshir\u00eb edhe presidentin e ardhsh\u00ebm t\u00eb Komisionit Europian, pasi zgjedhjet p\u00ebr Parlamentin Europian rezultuan me humbje p\u00ebr partit\u00eb kryesore.<\/p>\n<p>Kjo mbr\u00ebmje pune do t\u00eb jet\u00eb nj\u00eb mund\u00ebsi p\u00ebr t\u00eb b\u00ebr\u00eb vler\u00ebsimet e para pas zgjedhjeve europiane, n\u00eb funksion t\u00eb em\u00ebrimeve n\u00eb postet ky\u00e7e t\u00eb institucioneve BE-s\u00eb.<\/p>\n<p>Nuk do t\u00eb ket\u00eb konkluzione me shkrim, por n\u00eb fund t\u00eb takimit krer\u00ebt e shteteve do t\u2019i referojn\u00eb presidentit t\u00eb K\u00ebshillit Europian hapat e ardhsh\u00ebm p\u00ebr zgjedhjen e posteve kryesore.<\/p>\n<p>&nbsp;<\/p>\n","protected":false},"excerpt":{"rendered":"<p>E drejt\u00eb hyrjeje vet\u00ebm p\u00ebr 28 lider\u00ebt dhe asnj\u00eb sinjal telefonik. Krer\u00ebt e Bashkimit Europian mblidhen sonte p\u00ebr nj\u00eb samit t\u00eb jasht\u00ebzakonsh\u00ebm, sipas burimeve diplomatike. Udh\u00ebheq\u00ebsit e BE do t\u00eb takohen n\u00eb p\u00ebrpjekje p\u00ebr gjetjen e emrave p\u00ebr postet m\u00eb t\u00eb larta t\u00eb bllokut, p\u00ebrfshir\u00eb edhe presidentin e ardhsh\u00ebm t\u00eb Komisionit Europian, pasi zgjedhjet p\u00ebr [&hellip;]<\/p>\n","protected":false},"author":2013,"featured_media":86399,"comment_status":"open","ping_status":"closed","sticky":false,"template":"","format":"standard","meta":{"footnotes":""},"categories":[241,191],"tags":[],"class_list":{"0":"post-86398","1":"post","2":"type-post","3":"status-publish","4":"format-standard","5":"has-post-thumbnail","7":"category-aktualitet","8":"category-bota"},"_links":{"self":[{"href":"https:\/\/zjarr.tv\/sq\/wp-json\/wp\/v2\/posts\/86398","targetHints":{"allow":["GET"]}}],"collection":[{"href":"https:\/\/zjarr.tv\/sq\/wp-json\/wp\/v2\/posts"}],"about":[{"href":"https:\/\/zjarr.tv\/sq\/wp-json\/wp\/v2\/types\/post"}],"author":[{"embeddable":true,"href":"https:\/\/zjarr.tv\/sq\/wp-json\/wp\/v2\/users\/2013"}],"replies":[{"embeddable":true,"href":"https:\/\/zjarr.tv\/sq\/wp-json\/wp\/v2\/comments?post=86398"}],"version-history":[{"count":0,"href":"https:\/\/zjarr.tv\/sq\/wp-json\/wp\/v2\/posts\/86398\/revisions"}],"wp:featuredmedia":[{"embeddable":true,"href":"https:\/\/zjarr.tv\/sq\/wp-json\/wp\/v2\/media\/86399"}],"wp:attachment":[{"href":"https:\/\/zjarr.tv\/sq\/wp-json\/wp\/v2\/media?parent=86398"}],"wp:term":[{"taxonomy":"category","embeddable":true,"href":"https:\/\/zjarr.tv\/sq\/wp-json\/wp\/v2\/categories?post=86398"},{"taxonomy":"post_tag","embeddable":true,"href":"https:\/\/zjarr.tv\/sq\/wp-json\/wp\/v2\/tags?post=86398"}],"curies":[{"name":"wp","href":"https:\/\/api.w.org\/{rel}","templated":true}]}}