{"id":86401,"date":"2019-05-28T17:52:01","date_gmt":"2019-05-28T15:52:01","guid":{"rendered":"https:\/\/zjarr.tv\/?p=86401"},"modified":"2019-05-28T17:52:01","modified_gmt":"2019-05-28T15:52:01","slug":"protesta-e-2-qershorit-basha-fton-qytetaret-e-elbasanit-per-familjet-tuaja-per-femijet-tuaj-per-shqiperine-e-shpreses","status":"publish","type":"post","link":"https:\/\/zjarr.tv\/sq\/protesta-e-2-qershorit-basha-fton-qytetaret-e-elbasanit-per-familjet-tuaja-per-femijet-tuaj-per-shqiperine-e-shpreses\/","title":{"rendered":"Protesta e 2 Qershorit\/ Basha fton qytetar\u00ebt e Elbasanit: P\u00ebr familjet tuaja, p\u00ebr f\u00ebmij\u00ebt tuaj, p\u00ebr Shqip\u00ebrin\u00eb e shpres\u00ebs"},"content":{"rendered":"<p>N\u00eb fund t\u00eb takimit me qytetar\u00ebt n\u00eb Elbasan, nuk mund t\u00eb mungonte ftesa e liderit t\u00eb opozit\u00ebs, Lulzim Basha p\u00ebr protest\u00ebn e 2 Qershorit n\u00eb Tiran\u00eb.<\/p>\n<p>E ardhmja e f\u00ebmij\u00ebve tan\u00eb dhe e ardhmja e Shqip\u00ebris\u00eb duhet t\u00eb jet\u00eb nj\u00eb arsye e fort\u00eb p\u00ebr t\u00eb qen\u00eb k\u00ebt\u00eb t\u00eb diel\u00eb para kryeministris\u00eb. \u201cK\u00ebt\u00eb t\u00eb diel\u00eb, m\u00eb 2 qershor, ora 19:00, ta b\u00ebjm\u00eb bashkimin ton\u00eb, vendosm\u00ebrin\u00eb ton\u00eb, fuqin\u00eb ton\u00eb edhe m\u00eb t\u00eb madhe, p\u00ebrmes pjes\u00ebmarrjes madh\u00ebshtore t\u00eb k\u00ebtij qershori. P\u00ebr familjet tuaja, p\u00ebr f\u00ebmij\u00ebt tuaj, p\u00ebr Shqip\u00ebrin\u00eb e shpres\u00ebs, p\u00ebrball\u00eb nj\u00eb grushti njer\u00ebzish. Ju ftoj t\u00eb gjith\u00eb bashk\u00eb, t\u00eb frym\u00ebzuar nga bashkimi yn\u00eb, q\u00eb sa vjen e b\u00ebhet m\u00eb i madh. T\u00eb gjith\u00eb bashk\u00eb dit\u00ebn e diel\u00eb, n\u00eb or\u00ebn 19:00 p\u00ebr Shqip\u00ebrin\u00eb si gjith\u00eb Europa\u201d.<\/p>\n<p>Pas protest\u00ebs madh\u00ebshtore t\u00eb 25 Majit, ajo e 2 Qershorit \u00ebsht\u00eb protesta e shtat\u00eb mbarkomb\u00ebtare e opozit\u00ebs s\u00eb bashkuar q\u00eb prej 16 Shkurtit.<\/p>\n<p>&nbsp;<\/p>\n","protected":false},"excerpt":{"rendered":"<p>N\u00eb fund t\u00eb takimit me qytetar\u00ebt n\u00eb Elbasan, nuk mund t\u00eb mungonte ftesa e liderit t\u00eb opozit\u00ebs, Lulzim Basha p\u00ebr protest\u00ebn e 2 Qershorit n\u00eb Tiran\u00eb. E ardhmja e f\u00ebmij\u00ebve tan\u00eb dhe e ardhmja e Shqip\u00ebris\u00eb duhet t\u00eb jet\u00eb nj\u00eb arsye e fort\u00eb p\u00ebr t\u00eb qen\u00eb k\u00ebt\u00eb t\u00eb diel\u00eb para kryeministris\u00eb. \u201cK\u00ebt\u00eb t\u00eb diel\u00eb, m\u00eb [&hellip;]<\/p>\n","protected":false},"author":2013,"featured_media":86402,"comment_status":"open","ping_status":"closed","sticky":false,"template":"","format":"standard","meta":{"footnotes":""},"categories":[241,235],"tags":[],"class_list":{"0":"post-86401","1":"post","2":"type-post","3":"status-publish","4":"format-standard","5":"has-post-thumbnail","7":"category-aktualitet","8":"category-vendi"},"_links":{"self":[{"href":"https:\/\/zjarr.tv\/sq\/wp-json\/wp\/v2\/posts\/86401","targetHints":{"allow":["GET"]}}],"collection":[{"href":"https:\/\/zjarr.tv\/sq\/wp-json\/wp\/v2\/posts"}],"about":[{"href":"https:\/\/zjarr.tv\/sq\/wp-json\/wp\/v2\/types\/post"}],"author":[{"embeddable":true,"href":"https:\/\/zjarr.tv\/sq\/wp-json\/wp\/v2\/users\/2013"}],"replies":[{"embeddable":true,"href":"https:\/\/zjarr.tv\/sq\/wp-json\/wp\/v2\/comments?post=86401"}],"version-history":[{"count":0,"href":"https:\/\/zjarr.tv\/sq\/wp-json\/wp\/v2\/posts\/86401\/revisions"}],"wp:featuredmedia":[{"embeddable":true,"href":"https:\/\/zjarr.tv\/sq\/wp-json\/wp\/v2\/media\/86402"}],"wp:attachment":[{"href":"https:\/\/zjarr.tv\/sq\/wp-json\/wp\/v2\/media?parent=86401"}],"wp:term":[{"taxonomy":"category","embeddable":true,"href":"https:\/\/zjarr.tv\/sq\/wp-json\/wp\/v2\/categories?post=86401"},{"taxonomy":"post_tag","embeddable":true,"href":"https:\/\/zjarr.tv\/sq\/wp-json\/wp\/v2\/tags?post=86401"}],"curies":[{"name":"wp","href":"https:\/\/api.w.org\/{rel}","templated":true}]}}