{"id":86404,"date":"2019-05-28T21:40:08","date_gmt":"2019-05-28T19:40:08","guid":{"rendered":"https:\/\/zjarr.tv\/?p=86404"},"modified":"2019-05-28T17:53:45","modified_gmt":"2019-05-28T15:53:45","slug":"turqia-sulmon-militantet-kurde-ne-irak","status":"publish","type":"post","link":"https:\/\/zjarr.tv\/sq\/turqia-sulmon-militantet-kurde-ne-irak\/","title":{"rendered":"Turqia sulmon militant\u00ebt kurd\u00eb n\u00eb Irak"},"content":{"rendered":"<p>Nj\u00ebsit\u00eb komando t\u00eb ushtris\u00eb turke t\u00eb mb\u00ebshtetura edhe nga forcat ajrore dhe ato artilerike kan\u00eb sulmuar militant\u00ebt kurd\u00eb n\u00eb veri t\u00eb Iraku, njoftoi ministria e Mbrojtjes e Turqis\u00eb. Aksioni ushtarak filloi me sulme nga ajri dhe m\u00eb pas operacioni u vazhdua nga forcat tok\u00ebsore.<\/p>\n<p>Sipas zyrtar\u00ebve nga Ankaraja, q\u00ebllimi i operacionit \u00ebsht\u00eb \u201cneutralizimi i terrorist\u00ebve dhe shkat\u00ebrrimi i mburojave t\u00eb tyre\u201d n\u00eb rajonin kufitar me Turqin\u00eb. Turqia rregullisht sulmon bazat e Partis\u00eb s\u00eb Pun\u00ebtor\u00ebve t\u00eb Kurd\u00ebve, PKK, n\u00eb malet p\u00ebrreth rajonit verior t\u00eb Irakut. Autoritetet turke vler\u00ebsojn\u00eb se aktiviteti i kurd\u00ebve n\u00eb Siri dhe Irak cenon sigurin\u00eb komb\u00ebtare t\u00eb Turqis\u00eb.<\/p>\n<p>Presidenti turk, Recep Tayyip Ergogan k\u00ebrkon q\u00eb t\u2019i jepet fund prezenc\u00ebs s\u00eb k\u00ebtij grupi n\u00eb af\u00ebrsi t\u00eb kufijve t\u00eb Turqis\u00eb. Ankaraja lufton kund\u00ebr PPK-s\u00eb p\u00ebr tre dekada n\u00eb juglindje t\u00eb vendit, q\u00eb popullohet nga kurd\u00ebt, ku nga luftimet jan\u00eb vrar\u00eb rreth 40 mij\u00eb persona.<\/p>\n<p>&nbsp;<\/p>\n","protected":false},"excerpt":{"rendered":"<p>Nj\u00ebsit\u00eb komando t\u00eb ushtris\u00eb turke t\u00eb mb\u00ebshtetura edhe nga forcat ajrore dhe ato artilerike kan\u00eb sulmuar militant\u00ebt kurd\u00eb n\u00eb veri t\u00eb Iraku, njoftoi ministria e Mbrojtjes e Turqis\u00eb. Aksioni ushtarak filloi me sulme nga ajri dhe m\u00eb pas operacioni u vazhdua nga forcat tok\u00ebsore. Sipas zyrtar\u00ebve nga Ankaraja, q\u00ebllimi i operacionit \u00ebsht\u00eb \u201cneutralizimi i terrorist\u00ebve [&hellip;]<\/p>\n","protected":false},"author":2013,"featured_media":86405,"comment_status":"open","ping_status":"closed","sticky":false,"template":"","format":"standard","meta":{"footnotes":""},"categories":[241,191],"tags":[],"class_list":{"0":"post-86404","1":"post","2":"type-post","3":"status-publish","4":"format-standard","5":"has-post-thumbnail","7":"category-aktualitet","8":"category-bota"},"_links":{"self":[{"href":"https:\/\/zjarr.tv\/sq\/wp-json\/wp\/v2\/posts\/86404","targetHints":{"allow":["GET"]}}],"collection":[{"href":"https:\/\/zjarr.tv\/sq\/wp-json\/wp\/v2\/posts"}],"about":[{"href":"https:\/\/zjarr.tv\/sq\/wp-json\/wp\/v2\/types\/post"}],"author":[{"embeddable":true,"href":"https:\/\/zjarr.tv\/sq\/wp-json\/wp\/v2\/users\/2013"}],"replies":[{"embeddable":true,"href":"https:\/\/zjarr.tv\/sq\/wp-json\/wp\/v2\/comments?post=86404"}],"version-history":[{"count":0,"href":"https:\/\/zjarr.tv\/sq\/wp-json\/wp\/v2\/posts\/86404\/revisions"}],"wp:featuredmedia":[{"embeddable":true,"href":"https:\/\/zjarr.tv\/sq\/wp-json\/wp\/v2\/media\/86405"}],"wp:attachment":[{"href":"https:\/\/zjarr.tv\/sq\/wp-json\/wp\/v2\/media?parent=86404"}],"wp:term":[{"taxonomy":"category","embeddable":true,"href":"https:\/\/zjarr.tv\/sq\/wp-json\/wp\/v2\/categories?post=86404"},{"taxonomy":"post_tag","embeddable":true,"href":"https:\/\/zjarr.tv\/sq\/wp-json\/wp\/v2\/tags?post=86404"}],"curies":[{"name":"wp","href":"https:\/\/api.w.org\/{rel}","templated":true}]}}