{"id":86407,"date":"2019-05-28T21:50:42","date_gmt":"2019-05-28T19:50:42","guid":{"rendered":"https:\/\/zjarr.tv\/?p=86407"},"modified":"2019-05-28T17:55:27","modified_gmt":"2019-05-28T15:55:27","slug":"atletico-gjen-zevendesuesin-e-griezmann-emer-i-njohur-nga-franca","status":"publish","type":"post","link":"https:\/\/zjarr.tv\/sq\/atletico-gjen-zevendesuesin-e-griezmann-emer-i-njohur-nga-franca\/","title":{"rendered":"Atletico gjen z\u00ebvend\u00ebsuesin e Griezmann, em\u00ebr i njohur nga Franca"},"content":{"rendered":"<p>Edison Cavani ka l\u00ebn\u00eb t\u00eb hapur mund\u00ebsin\u00eb p\u00ebr largimin nga Paris Saint Germain.<\/p>\n<p>Mediat n\u00eb Spanj\u00eb b\u00ebjn\u00eb me dije q\u00eb sulmuesi uruguaian \u00ebsht\u00eb n\u00eb negociata p\u00ebr t\u00eb arritur marr\u00ebveshjen e transferimit tek Atletico Madrid.<\/p>\n<p>Cavani ka shprehur d\u00ebshir\u00ebn t\u00eb p\u00ebrfundoj\u00eb kontrat\u00ebn me klubin e PSG-s\u00eb, por n\u00eb deklarat\u00ebn e tij p\u00ebr mediat iberike ai ka l\u00ebn\u00eb te hapur nj\u00eb mund\u00ebsi largimi.<\/p>\n<p>\u201cGj\u00ebja e par\u00eb \u00ebsht\u00eb\u00a0respektimi i kontrat\u00ebs. Doja t\u00eb rrija n\u00eb k\u00ebt\u00eb klub,m\u00eb p\u00eblqen ky qytet. Por ndonj\u00ebher\u00eb futbolli nuk \u00ebsht\u00eb n\u00eb dor\u00ebn time, ka drejtues dhe president qe vendosin fatin e lojtarit\u201d, tha Cavani kur u pyet p\u00ebr largimin e mundsh\u00ebm.<\/p>\n<p>Atletico gjat\u00eb merkatos s\u00eb ver\u00ebs q\u00eb mund\u00eb ta ket\u00eb prioritet lojtarin ofensiv, pas njoftimit p\u00ebr largimin e Antoine Grizmannit.<\/p>\n<p>Vlen te theksojm\u00eb q\u00eb kontrata e Cavanit me parizien\u00ebt \u00ebsht\u00eb e vlefshme deri n\u00eb qershor 2020.<\/p>\n<p>&nbsp;<\/p>\n","protected":false},"excerpt":{"rendered":"<p>Edison Cavani ka l\u00ebn\u00eb t\u00eb hapur mund\u00ebsin\u00eb p\u00ebr largimin nga Paris Saint Germain. Mediat n\u00eb Spanj\u00eb b\u00ebjn\u00eb me dije q\u00eb sulmuesi uruguaian \u00ebsht\u00eb n\u00eb negociata p\u00ebr t\u00eb arritur marr\u00ebveshjen e transferimit tek Atletico Madrid. Cavani ka shprehur d\u00ebshir\u00ebn t\u00eb p\u00ebrfundoj\u00eb kontrat\u00ebn me klubin e PSG-s\u00eb, por n\u00eb deklarat\u00ebn e tij p\u00ebr mediat iberike ai ka [&hellip;]<\/p>\n","protected":false},"author":2013,"featured_media":86408,"comment_status":"open","ping_status":"closed","sticky":false,"template":"","format":"standard","meta":{"footnotes":""},"categories":[241,192],"tags":[],"class_list":{"0":"post-86407","1":"post","2":"type-post","3":"status-publish","4":"format-standard","5":"has-post-thumbnail","7":"category-aktualitet","8":"category-sport"},"_links":{"self":[{"href":"https:\/\/zjarr.tv\/sq\/wp-json\/wp\/v2\/posts\/86407","targetHints":{"allow":["GET"]}}],"collection":[{"href":"https:\/\/zjarr.tv\/sq\/wp-json\/wp\/v2\/posts"}],"about":[{"href":"https:\/\/zjarr.tv\/sq\/wp-json\/wp\/v2\/types\/post"}],"author":[{"embeddable":true,"href":"https:\/\/zjarr.tv\/sq\/wp-json\/wp\/v2\/users\/2013"}],"replies":[{"embeddable":true,"href":"https:\/\/zjarr.tv\/sq\/wp-json\/wp\/v2\/comments?post=86407"}],"version-history":[{"count":0,"href":"https:\/\/zjarr.tv\/sq\/wp-json\/wp\/v2\/posts\/86407\/revisions"}],"wp:featuredmedia":[{"embeddable":true,"href":"https:\/\/zjarr.tv\/sq\/wp-json\/wp\/v2\/media\/86408"}],"wp:attachment":[{"href":"https:\/\/zjarr.tv\/sq\/wp-json\/wp\/v2\/media?parent=86407"}],"wp:term":[{"taxonomy":"category","embeddable":true,"href":"https:\/\/zjarr.tv\/sq\/wp-json\/wp\/v2\/categories?post=86407"},{"taxonomy":"post_tag","embeddable":true,"href":"https:\/\/zjarr.tv\/sq\/wp-json\/wp\/v2\/tags?post=86407"}],"curies":[{"name":"wp","href":"https:\/\/api.w.org\/{rel}","templated":true}]}}