{"id":86416,"date":"2019-05-28T18:17:20","date_gmt":"2019-05-28T16:17:20","guid":{"rendered":"https:\/\/zjarr.tv\/?p=86416"},"modified":"2019-05-28T18:17:20","modified_gmt":"2019-05-28T16:17:20","slug":"vasili-lutet-per-ramen-fale-zot-se-ka-ikur-nga-mendja","status":"publish","type":"post","link":"https:\/\/zjarr.tv\/sq\/vasili-lutet-per-ramen-fale-zot-se-ka-ikur-nga-mendja\/","title":{"rendered":"Vasili &#8216;lutet&#8217; p\u00ebr Ram\u00ebn: Fale Zot se ka ikur nga mendja"},"content":{"rendered":"<p>Deklarata e sotme e kryeministrit Edi Rama se, mjek\u00ebt n\u00eb Shqip\u00ebri paguhen m\u00eb mir\u00eb se n\u00eb Gjermani, ka sjell\u00eb reagimin e n\u00ebnkryetarit t\u00eb LSI, Petrit Vasili.<\/p>\n<p>Sipas k\u00ebtij t\u00eb fundit, sot m\u00ebshira p\u00ebr kryeministrin duhet t\u00eb jet\u00eb e madhe dhe pa kursim<\/p>\n<p>\u201cM\u00ebshir\u00eb p\u00ebr kryeministrin q\u00eb s&#8217;di se \u00e7&#8217;flet (VIDEO)<\/p>\n<p>Sot m\u00ebshira p\u00ebr kryeministrin duhet t\u00eb jet\u00eb e madhe dhe pa kursim.<\/p>\n<p>Na tha sot q\u00eb ja kaluam edhe Gjermanis\u00eb.<\/p>\n<p>Kryeministri tha me goj\u00ebn plot dhe me kurajon e madhe q\u00eb ta jep vet\u00ebm budall\u00ebku se:<br \/>\nmjek\u00ebt n\u00eb Shqip\u00ebri paguhen si n\u00eb Gjermani bile edhe m\u00eb shum\u00eb.<\/p>\n<p>Fale Zot se ka ikur nga mendja.<\/p>\n<p>&nbsp;<\/p>\n","protected":false},"excerpt":{"rendered":"<p>Deklarata e sotme e kryeministrit Edi Rama se, mjek\u00ebt n\u00eb Shqip\u00ebri paguhen m\u00eb mir\u00eb se n\u00eb Gjermani, ka sjell\u00eb reagimin e n\u00ebnkryetarit t\u00eb LSI, Petrit Vasili. Sipas k\u00ebtij t\u00eb fundit, sot m\u00ebshira p\u00ebr kryeministrin duhet t\u00eb jet\u00eb e madhe dhe pa kursim \u201cM\u00ebshir\u00eb p\u00ebr kryeministrin q\u00eb s&#8217;di se \u00e7&#8217;flet (VIDEO) Sot m\u00ebshira p\u00ebr kryeministrin duhet [&hellip;]<\/p>\n","protected":false},"author":2013,"featured_media":59119,"comment_status":"open","ping_status":"closed","sticky":false,"template":"","format":"standard","meta":{"footnotes":""},"categories":[241,235],"tags":[],"class_list":{"0":"post-86416","1":"post","2":"type-post","3":"status-publish","4":"format-standard","5":"has-post-thumbnail","7":"category-aktualitet","8":"category-vendi"},"_links":{"self":[{"href":"https:\/\/zjarr.tv\/sq\/wp-json\/wp\/v2\/posts\/86416","targetHints":{"allow":["GET"]}}],"collection":[{"href":"https:\/\/zjarr.tv\/sq\/wp-json\/wp\/v2\/posts"}],"about":[{"href":"https:\/\/zjarr.tv\/sq\/wp-json\/wp\/v2\/types\/post"}],"author":[{"embeddable":true,"href":"https:\/\/zjarr.tv\/sq\/wp-json\/wp\/v2\/users\/2013"}],"replies":[{"embeddable":true,"href":"https:\/\/zjarr.tv\/sq\/wp-json\/wp\/v2\/comments?post=86416"}],"version-history":[{"count":0,"href":"https:\/\/zjarr.tv\/sq\/wp-json\/wp\/v2\/posts\/86416\/revisions"}],"wp:featuredmedia":[{"embeddable":true,"href":"https:\/\/zjarr.tv\/sq\/wp-json\/wp\/v2\/media\/59119"}],"wp:attachment":[{"href":"https:\/\/zjarr.tv\/sq\/wp-json\/wp\/v2\/media?parent=86416"}],"wp:term":[{"taxonomy":"category","embeddable":true,"href":"https:\/\/zjarr.tv\/sq\/wp-json\/wp\/v2\/categories?post=86416"},{"taxonomy":"post_tag","embeddable":true,"href":"https:\/\/zjarr.tv\/sq\/wp-json\/wp\/v2\/tags?post=86416"}],"curies":[{"name":"wp","href":"https:\/\/api.w.org\/{rel}","templated":true}]}}