{"id":86423,"date":"2019-05-28T18:35:51","date_gmt":"2019-05-28T16:35:51","guid":{"rendered":"https:\/\/zjarr.tv\/?p=86423"},"modified":"2019-05-28T18:35:51","modified_gmt":"2019-05-28T16:35:51","slug":"korce-braimllari-vendi-ka-hyre-ne-nje-krize-te-thelle","status":"publish","type":"post","link":"https:\/\/zjarr.tv\/sq\/korce-braimllari-vendi-ka-hyre-ne-nje-krize-te-thelle\/","title":{"rendered":"Kor\u00e7\u00eb, Braimllari: Vendi ka hyr\u00eb n\u00eb nj\u00eb kriz\u00eb t\u00eb thell\u00eb"},"content":{"rendered":"<p>Endrit Braimllari, Sekretari i P\u00ebrgjithsh\u00ebm i LSI-s\u00eb n\u00eb nj\u00eb takim me forumin rinor t\u00eb k\u00ebsaj partie n\u00eb Kor\u00e7\u00eb, n\u00eb kuad\u00ebr t\u00eb situat\u00ebs politike por edhe para protest\u00ebs s\u00eb 2 qershorit tha se shikon me keqardhje papun\u00ebsin\u00eb n\u00eb vend dhe munges\u00ebn e investimeve.<\/p>\n<p>Braimllari, u shpreh se vendi ka hyr\u00eb n\u00eb nj\u00eb kriz\u00eb t\u00eb fort\u00eb ekonomike, sociale, ndaj edhe k\u00ebrkohet nj\u00eb pjes\u00ebmarrje masive m\u00eb 2 qershor kund\u00ebr varf\u00ebris\u00eb.<\/p>\n<p>\u201c Ajo \u00e7\u2019ka shoh me keqardhje nga Kor\u00e7a dhe nga e gjith\u00eb Shqip\u00ebria, ka t\u00eb b\u00ebj\u00eb me varf\u00ebrin\u00eb e madhe t\u00eb qytetar\u00ebve, munges\u00ebn e vendeve t\u00eb pun\u00ebs, munges\u00ebn e shpres\u00ebs n\u00eb vend, por mbi t\u00eb gjitha munges\u00ebn e investimeve. Vendi ka hyr\u00eb n\u00eb nj\u00eb kriz\u00eb t\u00eb thell\u00eb politike. Tanim\u00eb kjo kriz\u00eb \u00ebsht\u00eb dhe ekonomike, \u00ebsht\u00eb sociale, ndaj k\u00ebrkohet nj\u00eb pjes\u00ebmarrje masive m\u00eb 2 qershor kund\u00ebr varf\u00ebris\u00eb, kund\u00ebr pap\u00ebrgjegjshm\u00ebris\u00eb s\u00eb k\u00ebtij kryeministri, kund\u00ebr nj\u00eb politike arrogante q\u00eb ka varf\u00ebruar gjithmon\u00eb e m\u00eb shum\u00eb shqiptar\u00ebt. Ne jemi t\u00eb vendosur ti shkojm\u00eb deri n\u00eb fund betej\u00ebs son\u00eb, sepse beteja jon\u00eb nuk \u00ebsht\u00eb me nj\u00eb individ, por beteja jon\u00eb ka t\u00eb b\u00ebj\u00eb me sistemin. Duam t\u00eb \u00e7lirojm\u00eb Shqip\u00ebrin\u00eb nga ky sistem antikomb\u00ebtar q\u00eb Edi Rama ka nd\u00ebrtuar, duhet t\u00eb \u00e7lirojm\u00eb Shqip\u00ebrin\u00eb nga nj\u00eb sistem q\u00eb ka varf\u00ebruar, nga nj\u00eb sistem q\u00eb ka shkat\u00ebrruar t\u00eb gjith\u00eb jet\u00ebn sociale sot. Sot Shqip\u00ebria nuk \u00ebsht\u00eb m\u00eb n\u00eb nj\u00eb sistem demokratik. Sot po tentohet t\u00eb hyhet n\u00eb nj\u00eb sistem monist, fal\u00eb politik\u00ebs korruptive dhe kriminale t\u00eb k\u00ebsaj qeverie. Ndaj kam bindjen maksimale q\u00eb 2 qershori do t\u00eb jet\u00eb nj\u00eb protest\u00eb q\u00ebndrestare dhe q\u00eb qytetar\u00ebt do ti drejtohen sheshit p\u00ebrpara Kryeministris\u00eb, sepse tanim\u00eb nuk b\u00ebhet fjal\u00eb p\u00ebr nj\u00eb protest\u00eb politike, por b\u00ebhet fjal\u00eb p\u00ebr nj\u00eb protest\u00eb t\u00eb shqiptar\u00ebve, nj\u00eb protest\u00eb t\u00eb halleve t\u00eb qytetar\u00ebve. Ndaj dhe protestat kan\u00eb qen\u00eb masive, sepse ato tashm\u00eb jan\u00eb ekonomike. Qytetar\u00ebt nuk kan\u00eb m\u00eb buk\u00eb t\u00eb han\u00eb. Me zor kalojn\u00eb muajin p\u00ebr shkak t\u00eb kostos s\u00eb lart\u00eb t\u00eb jetes\u00ebs dhe prandaj qytetar\u00ebt i jan\u00eb p\u00ebrgjigjur thirrjes s\u00eb opozit\u00ebs dhe jan\u00eb t\u00eb gjith\u00eb bashk\u00eb n\u00eb mazhoranc\u00eb kund\u00ebr k\u00ebsaj qeverie, p\u00ebr t\u00eb luftuar varf\u00ebrin\u00eb dhe p\u00ebr t\u00eb \u00e7liruar vendin nga nj\u00eb sistem antikomb\u00ebtar q\u00eb ka krijuar Edi Rama.<\/p>\n<p>Sekretari i P\u00ebrgjithsh\u00ebm i LSI-s\u00eb ,\u00a0 u ndal edhe te letrat e kryeministrit Edi Rama drejtuar kreut t\u00eb PD-s\u00eb, Lulzim Basha. AI tha se k\u00ebto letra shprehin frik\u00ebn e Ram\u00ebs por opozita \u00ebsht\u00eb e bashkuar deri n\u00eb fund, sepse beteja nuk \u00ebsht\u00eb kund\u00ebr\u00a0 nj\u00eb individi por gjith\u00eb sistemit.<\/p>\n<p>\u201c \u00c7far\u00eb mendimi keni p\u00ebr letrat e z. Rama? N\u00eb total b\u00ebhen 6 letra q\u00eb i jan\u00eb drejtuar z. Basha? N\u00eb fakt letrat drejtuar kryetarit t\u00eb Partis\u00eb Demokratike, jan\u00eb letra q\u00eb shprehin gjendjen e frik\u00ebs q\u00eb Edi Rama ka, ai \u00ebsht\u00eb i frik\u00ebsuar, \u00ebsht\u00eb i tmerruar, \u00ebsht\u00eb n\u00eb panik sepse \u00ebsht\u00eb vet\u00ebm, por \u00ebsht\u00eb jasht\u00ebzakonisht n\u00eb panik nga p\u00ebrkrahja popullore q\u00eb ka opozita dhe k\u00ebto letra nuk jan\u00eb gj\u00eb tjet\u00ebr ve\u00e7se p\u00ebr t\u00eb shprehur frik\u00ebn dhe panikun q\u00eb Edi Rama ka. Opozita \u00ebsht\u00eb e bashkuar p\u00ebr ti shkuar betej\u00ebs deri n\u00eb fund sepse un\u00eb e thash\u00eb edhe pak m\u00eb par\u00eb q\u00eb beteja jon\u00eb nuk \u00ebsht\u00eb me nj\u00eb individ, por \u00ebsht\u00eb me sistemin. Ka ardhur koha q\u00eb t\u00eb nd\u00ebrtojm\u00eb n\u00eb Shqip\u00ebri nj\u00eb sistem demokratik, nj\u00eb sistem parlamentar, ku zbatohet ligji, por mbi t\u00eb gjitha nj\u00eb sistem p\u00ebr t\u00eb nxjerr\u00eb Shqip\u00ebrin\u00eb nga varf\u00ebria dhe p\u00ebr k\u00ebt\u00eb duhet kontributi i gjith\u00eb shqiptar\u00ebve dhe p\u00ebr k\u00ebt\u00eb nuk mjafton nj\u00eb individ dhe ne duhet t\u00eb punojm\u00eb maksimalisht q\u00eb n\u00eb Shqip\u00ebri t\u00eb nd\u00ebrtojm\u00eb institucione t\u00eb forta, nuk \u00ebsht\u00eb koha q\u00eb n\u00eb Shqip\u00ebri t\u00eb ngrihet nj\u00eb individ i fort\u00eb ashtu si\u00e7 k\u00ebrkon Edi Rama, por \u00ebsht\u00eb koha t\u00eb nd\u00ebrtojm\u00eb institucione t\u00eb forta, t\u00eb cilat bazohen n\u00eb Kushtetut\u00eb, bazohen n\u00eb ligj dhe institucione q\u00eb i p\u00ebrgjigjen sfidave t\u00eb vendit p\u00ebr 20 vitet e ardhshme . At\u00ebher\u00eb, mbetemi pak tek letrat e Ram\u00ebs, 6 letra drejtuar opozit\u00ebs, n\u00eb k\u00ebto 6 komb\u00ebtare ndoshta \u00ebsht\u00eb kjo p\u00ebrgjigja e opozit\u00ebs? Opozita e ka t\u00eb qart\u00eb axhend\u00ebn e saj q\u00eb pas djegies s\u00eb mandateve t\u00eb opozit\u00ebs, ne jemi t\u00eb vendosur n\u00eb rrug\u00ebn ton\u00eb p\u00ebr t\u00eb protestuar, kemi p\u00ebrkrahjen e jasht\u00ebzakonshme t\u00eb qytetar\u00ebve, kan\u00eb qen\u00eb protesta paq\u00ebsore, por bazuar tek q\u00ebndresa e qytetar\u00ebve, ju kujtoj k\u00ebtu protest\u00ebn e 11 majit, ka qen\u00eb nj\u00eb protest\u00eb e jasht\u00ebzakonshme, ku qytetar\u00ebt p\u00ebr 4 or\u00eb marshuan n\u00ebp\u00ebr rrug\u00ebt e Tiran\u00ebs me 1 shi rrebesh, kjo tregon q\u00eb qytetar\u00ebt sot kan\u00eb nj\u00eb mllef t\u00eb drejtuar kund\u00ebr Edi Ram\u00ebs. Sot qytetar\u00ebt jan\u00eb n\u00eb varf\u00ebri ekstreme dhe e thash\u00eb edhe pak m\u00eb par\u00eb q\u00eb nuk b\u00ebhet m\u00eb fjal\u00eb p\u00ebr protest\u00eb politike. Nuk b\u00ebhet m\u00eb fjal\u00eb p\u00ebr bashkim qytetar\u00ebsh rreth partive. Por b\u00ebhet fjal\u00eb p\u00ebr bashkim t\u00eb qytetar\u00ebve p\u00ebr shkak t\u00eb ekonomis\u00eb, p\u00ebr munges\u00ebn e vendeve t\u00eb pun\u00ebs, p\u00ebr t\u00eb rinjt\u00eb dhe t\u00eb rejat q\u00eb po e l\u00ebn\u00eb vendin. Ju jeni gazetar\u00eb dhe punoni \u00e7do dit\u00eb n\u00eb Kor\u00e7\u00eb. E shikoni sesi e gjith\u00eb zona e Kor\u00e7\u00ebs sot nuk ka t\u00eb rinj dhe t\u00eb reja. Pse? Sepse jan\u00eb larguar, p\u00ebr shkak sepse k\u00ebtu nuk ka shpres\u00eb, k\u00ebtu nuk ka besim se ky vend do t\u00eb b\u00ebhet dhe nuk ka mund\u00ebsi pun\u00ebsimi. Politikat tona, alternativa jon\u00eb \u00ebsht\u00eb alternativa e pun\u00ebsimit, e krijimit t\u00eb sa m\u00eb shum\u00eb mund\u00ebsive t\u00eb rinjve dhe t\u00eb rejave me q\u00ebllim q\u00eb t\u00eb rinjve dhe t\u00eb rejave t\u2019u krijohen kushte dhe mund\u00ebsi p\u00ebr t\u2019u pun\u00ebsuar n\u00eb k\u00ebt\u00eb vend. Kjo \u00ebsht\u00eb sfida jon\u00eb. Me k\u00ebto protesta do e rr\u00ebzoni qeverin\u00eb? Ne nuk jemi k\u00ebtu p\u00ebr t\u00eb rr\u00ebzuar nj\u00eb qeveri. Ne k\u00ebrkojm\u00eb qeveri tranzitore p\u00ebr t\u2019i hapur rrug\u00ebn zgjedhjeve t\u00eb lira dhe t\u00eb ndershme. Sot n\u00eb Shqip\u00ebri ka ardhur momenti p\u00ebr t\u00eb nd\u00ebrtuar demokracin\u00eb, p\u00ebr t\u00eb ringritur parlamentarizmin. Parlamentarizmi ka r\u00ebn\u00eb p\u00ebr shkak t\u00eb nj politike kriminale t\u00eb Edi Ram\u00ebs. Parlamentarizmi ka r\u00ebn\u00eb sepse Edi Rama n\u00eb 2017 deformoi vullnetin e qytetarav\u00eb. \u201c-tha Braimllari.<\/p>\n<p>&nbsp;<\/p>\n","protected":false},"excerpt":{"rendered":"<p>Endrit Braimllari, Sekretari i P\u00ebrgjithsh\u00ebm i LSI-s\u00eb n\u00eb nj\u00eb takim me forumin rinor t\u00eb k\u00ebsaj partie n\u00eb Kor\u00e7\u00eb, n\u00eb kuad\u00ebr t\u00eb situat\u00ebs politike por edhe para protest\u00ebs s\u00eb 2 qershorit tha se shikon me keqardhje papun\u00ebsin\u00eb n\u00eb vend dhe munges\u00ebn e investimeve. Braimllari, u shpreh se vendi ka hyr\u00eb n\u00eb nj\u00eb kriz\u00eb t\u00eb fort\u00eb ekonomike, [&hellip;]<\/p>\n","protected":false},"author":2013,"featured_media":57698,"comment_status":"open","ping_status":"closed","sticky":false,"template":"","format":"standard","meta":{"footnotes":""},"categories":[241,235],"tags":[],"class_list":{"0":"post-86423","1":"post","2":"type-post","3":"status-publish","4":"format-standard","5":"has-post-thumbnail","7":"category-aktualitet","8":"category-vendi"},"_links":{"self":[{"href":"https:\/\/zjarr.tv\/sq\/wp-json\/wp\/v2\/posts\/86423","targetHints":{"allow":["GET"]}}],"collection":[{"href":"https:\/\/zjarr.tv\/sq\/wp-json\/wp\/v2\/posts"}],"about":[{"href":"https:\/\/zjarr.tv\/sq\/wp-json\/wp\/v2\/types\/post"}],"author":[{"embeddable":true,"href":"https:\/\/zjarr.tv\/sq\/wp-json\/wp\/v2\/users\/2013"}],"replies":[{"embeddable":true,"href":"https:\/\/zjarr.tv\/sq\/wp-json\/wp\/v2\/comments?post=86423"}],"version-history":[{"count":0,"href":"https:\/\/zjarr.tv\/sq\/wp-json\/wp\/v2\/posts\/86423\/revisions"}],"wp:featuredmedia":[{"embeddable":true,"href":"https:\/\/zjarr.tv\/sq\/wp-json\/wp\/v2\/media\/57698"}],"wp:attachment":[{"href":"https:\/\/zjarr.tv\/sq\/wp-json\/wp\/v2\/media?parent=86423"}],"wp:term":[{"taxonomy":"category","embeddable":true,"href":"https:\/\/zjarr.tv\/sq\/wp-json\/wp\/v2\/categories?post=86423"},{"taxonomy":"post_tag","embeddable":true,"href":"https:\/\/zjarr.tv\/sq\/wp-json\/wp\/v2\/tags?post=86423"}],"curies":[{"name":"wp","href":"https:\/\/api.w.org\/{rel}","templated":true}]}}